{"id":21251,"date":"2025-02-21T11:14:14","date_gmt":"2025-02-21T08:14:14","guid":{"rendered":"https:\/\/www.egemtv.com\/?p=21251"},"modified":"2025-02-21T11:14:17","modified_gmt":"2025-02-21T08:14:17","slug":"baskan-kayanin-ablasi-amansiz-hastaliga-yenik-dustu","status":"publish","type":"post","link":"https:\/\/www.egemtv.com\/?p=21251","title":{"rendered":"Ba\u015fkan Kaya\u2019n\u0131n ablas\u0131 amans\u0131z hastal\u0131\u011fa yenik d\u00fc\u015ft\u00fc"},"content":{"rendered":"<p>\u0130ncirliova Belediye Ba\u015fkan\u0131 Aytekin Kaya\u2019n\u0131n ablas\u0131 Emine Kaya, amans\u0131z hastal\u0131\u011fa yenik d\u00fc\u015ferek hayat\u0131n\u0131 kaybetti.<br \/>\n<br \/>\u0130ncirliova Belediye Ba\u015fkan\u0131 Aytekin Kaya\u2019n\u0131n ablas\u0131 Emine Kaya, bir s\u00fcredir Adnan Menderes \u00dcniversitesi Uygulama ve Ara\u015ft\u0131rma Hastanesi\u2019nde g\u00f6\u011f\u00fcs kanseri nedeniyle tedavi g\u00f6r\u00fcyordu. Kaya doktorlar\u0131n t\u00fcm m\u00fcdahalelerine ra\u011fmen hayat\u0131n\u0131 kaybetti.<br \/>\n<br \/>\u0130ncirliova Belediye Ba\u015fkan\u0131 Aytekin Kaya sosyal medya \u00fczerinden yapt\u0131\u011f\u0131 payla\u015f\u0131mda, &#8220;De\u011ferli aile b\u00fcy\u00fc\u011f\u00fcm\u00fcz k\u0131ymetli ablam Emine Kaya\u2019y\u0131 kaybettik. Rabbim rahmet eylesin. Cenazemiz Cuma g\u00fcn\u00fc (Bug\u00fcn) \u0130ncirliova \u00c7ar\u015f\u0131 Camisi\u2019nden Cuma namaz\u0131na m\u00fcteakip kald\u0131r\u0131lacak ve Ko\u00e7arl\u0131 Tekeli K\u00f6y\u00fc Mezarl\u0131\u011f\u0131nda defnedilecektir&#8221; ifadelerine yer verdi.<br \/><\/p>\n","protected":false},"excerpt":{"rendered":"<p>\u0130ncirliova Belediye Ba\u015fkan\u0131 Aytekin Kaya\u2019n\u0131n ablas\u0131 Emine Kaya, amans\u0131z hastal\u0131\u011fa yenik d\u00fc\u015ferek hayat\u0131n\u0131 kaybetti. \u0130ncirliova Belediye Ba\u015fkan\u0131 Aytekin Kaya\u2019n\u0131n ablas\u0131 Emine Kaya, bir s\u00fcredir Adnan Menderes \u00dcniversitesi Uygulama ve Ara\u015ft\u0131rma Hastanesi\u2019nde g\u00f6\u011f\u00fcs kanseri nedeniyle tedavi g\u00f6r\u00fcyordu. Kaya doktorlar\u0131n t\u00fcm m\u00fcdahalelerine ra\u011fmen hayat\u0131n\u0131 kaybetti. \u0130ncirliova Belediye Ba\u015fkan\u0131 Aytekin Kaya sosyal medya \u00fczerinden yapt\u0131\u011f\u0131 payla\u015f\u0131mda, &#8220;De\u011ferli aile&#8230;<\/p>\n","protected":false},"author":1,"featured_media":21252,"comment_status":"open","ping_status":"open","sticky":false,"template":"","format":"standard","meta":{"_crdt_document":"","footnotes":""},"categories":[1],"tags":[],"class_list":["post-21251","post","type-post","status-publish","format-standard","has-post-thumbnail","hentry","category-guncel"],"_links":{"self":[{"href":"https:\/\/www.egemtv.com\/index.php?rest_route=\/wp\/v2\/posts\/21251","targetHints":{"allow":["GET"]}}],"collection":[{"href":"https:\/\/www.egemtv.com\/index.php?rest_route=\/wp\/v2\/posts"}],"about":[{"href":"https:\/\/www.egemtv.com\/index.php?rest_route=\/wp\/v2\/types\/post"}],"author":[{"embeddable":true,"href":"https:\/\/www.egemtv.com\/index.php?rest_route=\/wp\/v2\/users\/1"}],"replies":[{"embeddable":true,"href":"https:\/\/www.egemtv.com\/index.php?rest_route=%2Fwp%2Fv2%2Fcomments&post=21251"}],"version-history":[{"count":1,"href":"https:\/\/www.egemtv.com\/index.php?rest_route=\/wp\/v2\/posts\/21251\/revisions"}],"predecessor-version":[{"id":21255,"href":"https:\/\/www.egemtv.com\/index.php?rest_route=\/wp\/v2\/posts\/21251\/revisions\/21255"}],"wp:featuredmedia":[{"embeddable":true,"href":"https:\/\/www.egemtv.com\/index.php?rest_route=\/wp\/v2\/media\/21252"}],"wp:attachment":[{"href":"https:\/\/www.egemtv.com\/index.php?rest_route=%2Fwp%2Fv2%2Fmedia&parent=21251"}],"wp:term":[{"taxonomy":"category","embeddable":true,"href":"https:\/\/www.egemtv.com\/index.php?rest_route=%2Fwp%2Fv2%2Fcategories&post=21251"},{"taxonomy":"post_tag","embeddable":true,"href":"https:\/\/www.egemtv.com\/index.php?rest_route=%2Fwp%2Fv2%2Ftags&post=21251"}],"curies":[{"name":"wp","href":"https:\/\/api.w.org\/{rel}","templated":true}]}}