{"id":21176,"date":"2025-02-21T10:15:01","date_gmt":"2025-02-21T07:15:01","guid":{"rendered":"https:\/\/www.egemtv.com\/?p=21176"},"modified":"2025-02-21T10:15:05","modified_gmt":"2025-02-21T07:15:05","slug":"kutahyada-gecmisten-gunumuze-dogu-turkistan-konulu-konferans","status":"publish","type":"post","link":"https:\/\/www.egemtv.com\/?p=21176","title":{"rendered":"K\u00fctahya\u2019da &#8220;Ge\u00e7mi\u015ften G\u00fcn\u00fcm\u00fcze Do\u011fu T\u00fcrkistan&#8221; konulu konferans"},"content":{"rendered":"<p>K\u00fctahya\u2019da Gen\u00e7 Memur-Sen, E\u011fitim-Bir-Sen ve Yedi Hilal Te\u015fkilat\u0131 taraf\u0131ndan d\u00fczenlenen konferansta, Do\u011fu T\u00fcrkistan\u2019daki \u00c7in zulm\u00fc ele al\u0131nd\u0131. Konferansa Do\u011fu T\u00fcrkistan Milli Meclisi Ba\u015fkan\u0131 Seyit T\u00fcmt\u00fcrk konu\u015fmac\u0131 olarak kat\u0131ld\u0131.<br \/>\n<br \/>Program\u0131n a\u00e7\u0131l\u0131\u015f\u0131nda konu\u015fan Memur-Sen K\u00fctahya \u0130l Temsilcisi ve E\u011fitim-Bir-Sen K\u00fctahya 1 No\u2019lu \u015eube Ba\u015fkan\u0131 Fatih K\u00f6se, d\u00fcnyan\u0131n d\u00f6rt bir yan\u0131nda s\u0131k\u0131nt\u0131 \u00e7eken soyda\u015flar\u0131n ve din karde\u015flerinin ac\u0131lar\u0131n\u0131 y\u00fcreklerinde ta\u015f\u0131d\u0131klar\u0131n\u0131 belirtti. K\u00f6se, &#8220;E\u011fitim-Bir-Sen olarak nerede bir mazlum varsa ona el uzatmay\u0131 g\u00f6rev biliyoruz. Yedi Hilal Derne\u011fi ve Gen\u00e7 Memur-Sen ile birlikte Do\u011fu T\u00fcrkistan\u2019daki zulm\u00fc duyurmak ve toplumsal bilinci art\u0131rmak i\u00e7in buraday\u0131z. Bu vesileyle eme\u011fi ge\u00e7en herkese ve bizlerle bilgisini payla\u015fan Seyit T\u00fcmt\u00fcrk hocam\u0131za te\u015fekk\u00fcr ediyorum&#8221; dedi.<\/p>\n<p>&#8220;Do\u011fu T\u00fcrkistan, T\u00fcrk medeniyetinin merkezidir&#8221;<br \/>\n<br \/>Konferansta Do\u011fu T\u00fcrkistan Milli Meclisi Ba\u015fkan\u0131 Seyit T\u00fcmt\u00fcrk, b\u00f6lgenin tarihi ve stratejik \u00f6nemine dikkat \u00e7ekti. Do\u011fu T\u00fcrkistan\u2019\u0131n 1 milyon 828 bin kilometre y\u00fcz\u00f6l\u00e7\u00fcm\u00fcyle T\u00fcrkiye\u2019nin yakla\u015f\u0131k 2,5-3 kat\u0131 b\u00fcy\u00fckl\u00fc\u011f\u00fcnde oldu\u011funu belirten T\u00fcmt\u00fcrk, b\u00f6lgenin T\u00fcrk \u0130slam medeniyetine yapt\u0131\u011f\u0131 katk\u0131lara vurgu yapt\u0131. T\u00fcmt\u00fcrk, &#8220;Ka\u015fgarl\u0131 Mahmut, Yusuf Has Hacib, Sultan Satuk Bu\u011fra Han ve Osman Batur gibi \u00f6nemli \u015fahsiyetler bu topraklarda yeti\u015fmi\u015ftir. T\u00fcrk ismi ilk kez bu co\u011frafyada ta\u015flara kaz\u0131nm\u0131\u015ft\u0131r. Ancak Do\u011fu T\u00fcrkistan, 76 y\u0131ld\u0131r \u00c7in Kom\u00fcnist Partisi\u2019nin bask\u0131 ve zulm\u00fc alt\u0131nda ezilmektedir&#8221; dedi.<br \/>\n<br \/>B\u00f6lgedeki n\u00fckleer denemeler, zorla asimilasyon, do\u011fum kontrol politikalar\u0131 ve e\u011fitim kamplar\u0131ndaki bask\u0131lara dikkat \u00e7eken T\u00fcmt\u00fcrk, \u00c7in\u2019in b\u00f6lgedeki yer alt\u0131 kaynaklar\u0131n\u0131 s\u00f6m\u00fcrd\u00fc\u011f\u00fcn\u00fc ifade etti. T\u00fcmt\u00fcrk, Do\u011fu T\u00fcrkistan\u2019daki zulm\u00fc durdurmak i\u00e7in bilin\u00e7lendirme ve boykot kampanyalar\u0131n\u0131n \u00f6nemini vurgulad\u0131. Seyit T\u00fcmt\u00fcrk, &#8220;D\u00fcnyada 2 milyar M\u00fcsl\u00fcman var. E\u011fer bilin\u00e7lenip \u00c7in mallar\u0131n\u0131 boykot edersek b\u00fcy\u00fck bir etki olu\u015fturabiliriz. Avrupa ve Amerika\u2019da baz\u0131 \u00fclkeler, \u00c7in\u2019in k\u00f6le i\u015f\u00e7i \u00e7al\u0131\u015ft\u0131rmas\u0131 nedeniyle \u00fcr\u00fcnlerini boykot etti. T\u00fcrkiye\u2019de de bu bilincin olu\u015fmas\u0131 gerekiyor&#8221; ifadelerini kulland\u0131.<br \/>\n<br \/>Konferans\u0131n sonunda K\u00fctahya Gen\u00e7 Memur-Sen \u0130l Ba\u015fkan\u0131 \u0130smail G\u00f6nen, Seyit T\u00fcmt\u00fcrk\u2019e hediye takdim etti.<br \/><\/p>\n","protected":false},"excerpt":{"rendered":"<p>K\u00fctahya\u2019da Gen\u00e7 Memur-Sen, E\u011fitim-Bir-Sen ve Yedi Hilal Te\u015fkilat\u0131 taraf\u0131ndan d\u00fczenlenen konferansta, Do\u011fu T\u00fcrkistan\u2019daki \u00c7in zulm\u00fc ele al\u0131nd\u0131. Konferansa Do\u011fu T\u00fcrkistan Milli Meclisi Ba\u015fkan\u0131 Seyit T\u00fcmt\u00fcrk konu\u015fmac\u0131 olarak kat\u0131ld\u0131. Program\u0131n a\u00e7\u0131l\u0131\u015f\u0131nda konu\u015fan Memur-Sen K\u00fctahya \u0130l Temsilcisi ve E\u011fitim-Bir-Sen K\u00fctahya 1 No\u2019lu \u015eube Ba\u015fkan\u0131 Fatih K\u00f6se, d\u00fcnyan\u0131n d\u00f6rt bir yan\u0131nda s\u0131k\u0131nt\u0131 \u00e7eken soyda\u015flar\u0131n ve din karde\u015flerinin ac\u0131lar\u0131n\u0131&#8230;<\/p>\n","protected":false},"author":1,"featured_media":21177,"comment_status":"open","ping_status":"open","sticky":false,"template":"","format":"standard","meta":{"_crdt_document":"","footnotes":""},"categories":[123],"tags":[],"class_list":["post-21176","post","type-post","status-publish","format-standard","has-post-thumbnail","hentry","category-gundem"],"_links":{"self":[{"href":"https:\/\/www.egemtv.com\/index.php?rest_route=\/wp\/v2\/posts\/21176","targetHints":{"allow":["GET"]}}],"collection":[{"href":"https:\/\/www.egemtv.com\/index.php?rest_route=\/wp\/v2\/posts"}],"about":[{"href":"https:\/\/www.egemtv.com\/index.php?rest_route=\/wp\/v2\/types\/post"}],"author":[{"embeddable":true,"href":"https:\/\/www.egemtv.com\/index.php?rest_route=\/wp\/v2\/users\/1"}],"replies":[{"embeddable":true,"href":"https:\/\/www.egemtv.com\/index.php?rest_route=%2Fwp%2Fv2%2Fcomments&post=21176"}],"version-history":[{"count":1,"href":"https:\/\/www.egemtv.com\/index.php?rest_route=\/wp\/v2\/posts\/21176\/revisions"}],"predecessor-version":[{"id":21178,"href":"https:\/\/www.egemtv.com\/index.php?rest_route=\/wp\/v2\/posts\/21176\/revisions\/21178"}],"wp:featuredmedia":[{"embeddable":true,"href":"https:\/\/www.egemtv.com\/index.php?rest_route=\/wp\/v2\/media\/21177"}],"wp:attachment":[{"href":"https:\/\/www.egemtv.com\/index.php?rest_route=%2Fwp%2Fv2%2Fmedia&parent=21176"}],"wp:term":[{"taxonomy":"category","embeddable":true,"href":"https:\/\/www.egemtv.com\/index.php?rest_route=%2Fwp%2Fv2%2Fcategories&post=21176"},{"taxonomy":"post_tag","embeddable":true,"href":"https:\/\/www.egemtv.com\/index.php?rest_route=%2Fwp%2Fv2%2Ftags&post=21176"}],"curies":[{"name":"wp","href":"https:\/\/api.w.org\/{rel}","templated":true}]}}