{"id":21167,"date":"2025-02-21T10:10:19","date_gmt":"2025-02-21T07:10:19","guid":{"rendered":"https:\/\/www.egemtv.com\/?p=21167"},"modified":"2025-02-21T10:10:24","modified_gmt":"2025-02-21T07:10:24","slug":"menemenin-pazar-yerleri-hijyen-ve-gida-guvenligi-ile-begeni-goruyor","status":"publish","type":"post","link":"https:\/\/www.egemtv.com\/?p=21167","title":{"rendered":"Menemen\u2019in pazar yerleri, hijyen ve g\u0131da g\u00fcvenli\u011fi ile be\u011feni g\u00f6r\u00fcyor"},"content":{"rendered":"<p>Menemen\u2019de pazar yerleri hem g\u0131da g\u00fcvenli\u011fi hem de hijyende vatanda\u015fa g\u00fcven veriyor. Halil Alkaya Pazar Yeri ba\u015fta olmak \u00fczere il\u00e7edeki pazar yerleri Menemen Belediyesine ba\u011fl\u0131 zab\u0131ta ekiplerince denetlenirken, temizlik ekipleri de hem pazar kuruluyken, hem de pazar kapand\u0131ktan sonra tam mesai yaparak, b\u00f6lgenin temizli\u011fini sa\u011fl\u0131yor.<br \/>\n<br \/>\u0130l\u00e7edeki pazar yerlerinin arka arkaya \u00fcst\u00fcn\u00fc kapatan ve sat\u0131c\u0131yla t\u00fcketicinin modern \u015fartlarda bulu\u015fmas\u0131n\u0131 sa\u011flayan Menemen Belediyesi, g\u0131da g\u00fcvenli\u011fi ve pazar yerlerinin hijyeni konusunda da standartlar\u0131n\u0131 y\u00fcksek tutuyor. Ba\u015fta 17 bin metrekarelik alan\u0131yla b\u00f6lgenin en \u00f6nemli pazar yeri olan Halil Alkaya Pazar Yeri, Koyundere Pazar Yeri ve Seyrek Pazar Yeri olmak \u00fczere h\u0131zla pazar yerlerinin \u00fcst\u00fcn\u00fc kapatan ve T\u00fcrkelli\u2019de de son a\u015famaya gelen Menemen Belediyesi, pazar yerlerinin denetimi ve hijyeni i\u00e7in de hummal\u0131 \u00e7al\u0131\u015fmalar\u0131n\u0131 s\u00fcrd\u00fcr\u00fcyor.<br \/>\n<br \/>Pazarlar\u0131n kurulu\u015f saatlerinden itibaren denetimlerini ger\u00e7ekle\u015ftiren zab\u0131ta ekipleri, \u00fcr\u00fcnlerin do\u011fru fiyat ve kaliteyle vatanda\u015flara sunulmas\u0131n\u0131 sa\u011flarken, temizlik i\u015fleri ekipleri de g\u00fcn boyunca pazar yerlerinin temiz kalmas\u0131 i\u00e7in g\u00f6rev yap\u0131yor. Temizlik ekiplerinin mesaisinde en yo\u011fun b\u00f6l\u00fcmse pazar kapand\u0131ktan sonra ba\u015fl\u0131yor. Kalabal\u0131k bir kadroyla alanda yer alan temizlik ekipleri, sadece birka\u00e7 saat i\u00e7inde pazar yerindeki t\u00fcm \u00e7\u00f6pleri temizliyor ve alan\u0131n d\u00fczenlemesini ger\u00e7ekle\u015ftiriyor.<\/p>\n<p>&#8220;Menemenliler en taze sebze ve meyveyle bulu\u015fuyor&#8221;<br \/>\n<br \/>Konuya ili\u015fkin de\u011ferlendirmelerde bulunan Menemen Belediye Ba\u015fkan\u0131 Ayd\u0131n Pehlivan, &#8220;Menemen, \u0131spanaktan zeytine, pamuktan \u00e7ile\u011fe kadar bir\u00e7ok \u00fcr\u00fcn\u00fcyle hem tar\u0131m\u0131n ve \u00fcretimin kenti, hem de kalabal\u0131k n\u00fcf\u00fcsuyla ciddi bir t\u00fcketim merkezi. Dolay\u0131s\u0131yla Menemen\u2019in pazar yerlerinden al\u0131\u015fveri\u015f yapan hem\u015fehrilerimiz, ald\u0131klar\u0131 meyve ve sebzelerin en tazelerine ula\u015fma f\u0131rsat\u0131 buluyor. Biz de bu g\u00fczel avantaj\u0131n devam etmesi, hijyenik ko\u015fullar alt\u0131nda s\u00fcrmesi ve al\u0131\u015fveri\u015f s\u0131ras\u0131nda do\u011fabilecek \u00e7e\u015fitli s\u0131k\u0131nt\u0131lar\u0131n \u00f6n\u00fcne ge\u00e7ebilmek i\u00e7in pazar yerlerimize titizlikle yakla\u015f\u0131yoruz. Gerek zab\u0131tam\u0131z, gerekse de temizlik ekiplerimiz, y\u0131llard\u0131r \u00fcstlerine d\u00fc\u015feni en iyi \u015fekilde yaparak, Menemenlilere g\u00fcvenli ve sa\u011fl\u0131kl\u0131 al\u0131\u015fveri\u015f ko\u015fullar\u0131 sunuyor.&#8221; dedi.<br \/><\/p>\n","protected":false},"excerpt":{"rendered":"<p>Menemen\u2019de pazar yerleri hem g\u0131da g\u00fcvenli\u011fi hem de hijyende vatanda\u015fa g\u00fcven veriyor. Halil Alkaya Pazar Yeri ba\u015fta olmak \u00fczere il\u00e7edeki pazar yerleri Menemen Belediyesine ba\u011fl\u0131 zab\u0131ta ekiplerince denetlenirken, temizlik ekipleri de hem pazar kuruluyken, hem de pazar kapand\u0131ktan sonra tam mesai yaparak, b\u00f6lgenin temizli\u011fini sa\u011fl\u0131yor. \u0130l\u00e7edeki pazar yerlerinin arka arkaya \u00fcst\u00fcn\u00fc kapatan ve sat\u0131c\u0131yla t\u00fcketicinin&#8230;<\/p>\n","protected":false},"author":1,"featured_media":21168,"comment_status":"open","ping_status":"open","sticky":false,"template":"","format":"standard","meta":{"_crdt_document":"","footnotes":""},"categories":[1],"tags":[],"class_list":["post-21167","post","type-post","status-publish","format-standard","has-post-thumbnail","hentry","category-guncel"],"_links":{"self":[{"href":"https:\/\/www.egemtv.com\/index.php?rest_route=\/wp\/v2\/posts\/21167","targetHints":{"allow":["GET"]}}],"collection":[{"href":"https:\/\/www.egemtv.com\/index.php?rest_route=\/wp\/v2\/posts"}],"about":[{"href":"https:\/\/www.egemtv.com\/index.php?rest_route=\/wp\/v2\/types\/post"}],"author":[{"embeddable":true,"href":"https:\/\/www.egemtv.com\/index.php?rest_route=\/wp\/v2\/users\/1"}],"replies":[{"embeddable":true,"href":"https:\/\/www.egemtv.com\/index.php?rest_route=%2Fwp%2Fv2%2Fcomments&post=21167"}],"version-history":[{"count":1,"href":"https:\/\/www.egemtv.com\/index.php?rest_route=\/wp\/v2\/posts\/21167\/revisions"}],"predecessor-version":[{"id":21169,"href":"https:\/\/www.egemtv.com\/index.php?rest_route=\/wp\/v2\/posts\/21167\/revisions\/21169"}],"wp:featuredmedia":[{"embeddable":true,"href":"https:\/\/www.egemtv.com\/index.php?rest_route=\/wp\/v2\/media\/21168"}],"wp:attachment":[{"href":"https:\/\/www.egemtv.com\/index.php?rest_route=%2Fwp%2Fv2%2Fmedia&parent=21167"}],"wp:term":[{"taxonomy":"category","embeddable":true,"href":"https:\/\/www.egemtv.com\/index.php?rest_route=%2Fwp%2Fv2%2Fcategories&post=21167"},{"taxonomy":"post_tag","embeddable":true,"href":"https:\/\/www.egemtv.com\/index.php?rest_route=%2Fwp%2Fv2%2Ftags&post=21167"}],"curies":[{"name":"wp","href":"https:\/\/api.w.org\/{rel}","templated":true}]}}