{"id":21089,"date":"2025-02-20T21:42:38","date_gmt":"2025-02-20T18:42:38","guid":{"rendered":"https:\/\/www.egemtv.com\/?p=21089"},"modified":"2025-02-20T21:42:43","modified_gmt":"2025-02-20T18:42:43","slug":"13-gastro-fethiye-ulusal-gastronomi-festivali-basladi","status":"publish","type":"post","link":"https:\/\/www.egemtv.com\/?p=21089","title":{"rendered":"13. Gastro Fethiye Ulusal Gastronomi Festivali Ba\u015flad\u0131"},"content":{"rendered":"<p>Mu\u011fla\u2019n\u0131n Fethiye il\u00e7esi bu y\u0131l 13. kez d\u00fczenlenen Gastro Fethiye Ulusal Gastronomi Festivali\u2019ne ev sahipli\u011fi yap\u0131yor. Festivalde T\u00fcrkiye\u2019nin d\u00f6rt bir yan\u0131ndan gelen \u015fefler ve gelece\u011fin mutfak ustalar\u0131 olan \u00f6\u011frenciler bir araya geldi.<\/p>\n<p>20-21 \u015eubat tarihlerinde \u00c7atalar\u0131k Sosyal Tesisi\u2019nde ger\u00e7ekle\u015ftirilen festivalin ilk g\u00fcn\u00fcnde, farkl\u0131 \u015fehirlerden gelen \u015fef adaylar\u0131 bireysel kategoride yar\u0131\u015farak yeteneklerini sergiledi. Yar\u0131\u015fmalarda j\u00fcri \u00fcyeli\u011fini \u00fcstlenen deneyimli \u015fefler, yemekleri tat, sunum, mutfak temizli\u011fi gibi kriterlere g\u00f6re de\u011ferlendirdi. Kat\u0131l\u0131mc\u0131lar, adaletli bir puanlama sistemi sayesinde yar\u0131\u015fmada hakkaniyetli bir ortamda m\u00fccadele etme f\u0131rsat\u0131 buldu.<\/p>\n<p>&#8220;T\u00fcrkiye genelinde b\u00fcy\u00fck bir ilgi var&#8221;<br \/>\n<br \/>\u015eef, Mavi Fethiye Profesyonel A\u015f\u00e7\u0131lar Derne\u011fi Ba\u015fkan\u0131 Onur Arslan, festivalin g\u00f6rd\u00fc\u011f\u00fc ilgiden memnuniyet duyduklar\u0131n\u0131 belirterek, &#8220;Bu y\u0131l 13. kez d\u00fczenledi\u011fimiz festivalimize T\u00fcrkiye genelinde b\u00fcy\u00fck bir ilgi var. Farkl\u0131 \u015fehirlerden gelen \u015fefleri ve \u00f6\u011frencileri a\u011f\u0131rlamaktan mutluluk duyuyoruz. Yar\u0131\u015fmalarda adaletli bir puanlama sistemi uyguluyoruz. \u00d6\u011frenciler, haklar\u0131n\u0131 alacaklar\u0131n\u0131 bildikleri i\u00e7in bu yar\u0131\u015fmaya kat\u0131lmay\u0131 \u00f6zellikle tercih ediyorlar. Festivalimiz iki g\u00fcn s\u00fcrecek. \u0130lk g\u00fcn bireysel yar\u0131\u015fmalar ger\u00e7ekle\u015ftirilirken, ikinci g\u00fcn ekip yar\u0131\u015fmalar\u0131 d\u00fczenlenecek&#8221; diye konu\u015ftu.<br \/><\/p>\n","protected":false},"excerpt":{"rendered":"<p>Mu\u011fla\u2019n\u0131n Fethiye il\u00e7esi bu y\u0131l 13. kez d\u00fczenlenen Gastro Fethiye Ulusal Gastronomi Festivali\u2019ne ev sahipli\u011fi yap\u0131yor. Festivalde T\u00fcrkiye\u2019nin d\u00f6rt bir yan\u0131ndan gelen \u015fefler ve gelece\u011fin mutfak ustalar\u0131 olan \u00f6\u011frenciler bir araya geldi. 20-21 \u015eubat tarihlerinde \u00c7atalar\u0131k Sosyal Tesisi\u2019nde ger\u00e7ekle\u015ftirilen festivalin ilk g\u00fcn\u00fcnde, farkl\u0131 \u015fehirlerden gelen \u015fef adaylar\u0131 bireysel kategoride yar\u0131\u015farak yeteneklerini sergiledi. Yar\u0131\u015fmalarda j\u00fcri \u00fcyeli\u011fini&#8230;<\/p>\n","protected":false},"author":1,"featured_media":21090,"comment_status":"open","ping_status":"open","sticky":false,"template":"","format":"standard","meta":{"_crdt_document":"","footnotes":""},"categories":[1],"tags":[],"class_list":["post-21089","post","type-post","status-publish","format-standard","has-post-thumbnail","hentry","category-guncel"],"_links":{"self":[{"href":"https:\/\/www.egemtv.com\/index.php?rest_route=\/wp\/v2\/posts\/21089","targetHints":{"allow":["GET"]}}],"collection":[{"href":"https:\/\/www.egemtv.com\/index.php?rest_route=\/wp\/v2\/posts"}],"about":[{"href":"https:\/\/www.egemtv.com\/index.php?rest_route=\/wp\/v2\/types\/post"}],"author":[{"embeddable":true,"href":"https:\/\/www.egemtv.com\/index.php?rest_route=\/wp\/v2\/users\/1"}],"replies":[{"embeddable":true,"href":"https:\/\/www.egemtv.com\/index.php?rest_route=%2Fwp%2Fv2%2Fcomments&post=21089"}],"version-history":[{"count":1,"href":"https:\/\/www.egemtv.com\/index.php?rest_route=\/wp\/v2\/posts\/21089\/revisions"}],"predecessor-version":[{"id":21091,"href":"https:\/\/www.egemtv.com\/index.php?rest_route=\/wp\/v2\/posts\/21089\/revisions\/21091"}],"wp:featuredmedia":[{"embeddable":true,"href":"https:\/\/www.egemtv.com\/index.php?rest_route=\/wp\/v2\/media\/21090"}],"wp:attachment":[{"href":"https:\/\/www.egemtv.com\/index.php?rest_route=%2Fwp%2Fv2%2Fmedia&parent=21089"}],"wp:term":[{"taxonomy":"category","embeddable":true,"href":"https:\/\/www.egemtv.com\/index.php?rest_route=%2Fwp%2Fv2%2Fcategories&post=21089"},{"taxonomy":"post_tag","embeddable":true,"href":"https:\/\/www.egemtv.com\/index.php?rest_route=%2Fwp%2Fv2%2Ftags&post=21089"}],"curies":[{"name":"wp","href":"https:\/\/api.w.org\/{rel}","templated":true}]}}