{"id":21086,"date":"2025-02-20T20:48:21","date_gmt":"2025-02-20T17:48:21","guid":{"rendered":"https:\/\/www.egemtv.com\/?p=21086"},"modified":"2025-02-20T20:48:26","modified_gmt":"2025-02-20T17:48:26","slug":"sari-serumdan-1-kisinin-hayatini-kaybettigi-poliklinik-kapatildi","status":"publish","type":"post","link":"https:\/\/www.egemtv.com\/?p=21086","title":{"rendered":"Sar\u0131 serumdan 1 ki\u015finin hayat\u0131n\u0131 kaybetti\u011fi poliklinik kapat\u0131ld\u0131"},"content":{"rendered":"<p>Afyonkarahisar\u2019da ge\u00e7ti\u011fimiz ay sar\u0131 serum sonras\u0131 1 ki\u015finin hayat\u0131n\u0131 kaybetti\u011fi \u00f6zel poliklinik, Sa\u011fl\u0131k Bakanl\u0131\u011f\u0131\u2019n\u0131n karar\u0131 sonras\u0131 \u0130l Sa\u011fl\u0131k M\u00fcd\u00fcrl\u00fc\u011f\u00fc ekipleri taraf\u0131ndan m\u00fch\u00fcrlendi.<br \/>\n<br \/>Olay, 13 Ocak\u2019ta kent merkezindeki \u00f6zel bir klinikte meydana geldi. \u0130ddiaya g\u00f6re, mobilya sekt\u00f6r\u00fcnde faaliyet g\u00f6steren bir firman\u0131n sahibi olan ve umre yolculu\u011fu haz\u0131rl\u0131\u011f\u0131 yapan 2 \u00e7ocuk babas\u0131 Mehmet G\u00fcndo\u011fan (38), grip \u015fikayetiyle klini\u011fe ba\u015fvurdu. Burada G\u00fcndo\u011fan\u2019a herhangi bir tetkik yap\u0131lmadan sar\u0131 serum ba\u011fland\u0131. Ancak G\u00fcndo\u011fan serumun bitmesine yak\u0131n nefes almakta g\u00fc\u00e7l\u00fck \u00e7ekti\u011fini s\u00f6yleyerek fenala\u015ft\u0131. Ambulansla Afyonkarahisar Devlet Hastanesine kald\u0131r\u0131lan G\u00fcndo\u011fan, yap\u0131lan m\u00fcdahalelere ra\u011fmen kurtar\u0131lamayarak ya\u015fam\u0131n\u0131 yitirdi. Gelen \u015fikayetleri inceleyen Sa\u011fl\u0131k Bakanl\u0131\u011f\u0131, s\u00f6z konusu poliklinikle ilgili kapatma karar\u0131 ald\u0131. Karar sonras\u0131 harekete ge\u00e7en \u0130l Sa\u011fl\u0131k M\u00fcd\u00fcrl\u00fc\u011f\u00fc ekipleri poliklini\u011fin kap\u0131s\u0131n\u0131 m\u00fch\u00fcrleyerek, faaliyetlerine son verdi.<br \/>\n<br \/>Afyonkarahisar Valili\u011fi\u2019nden yap\u0131lan a\u00e7\u0131klamada, &#8220;\u0130l merkezi Sel\u00e7uklu Mahallesi\u2019nde faaliyet g\u00f6steren S.E.\u2019ye ait \u00f6zel muayenehanenin faaliyetleri Sa\u011fl\u0131k Bakanl\u0131\u011f\u0131n\u0131n karar\u0131yla durdurulmu\u015ftur. Sa\u011fl\u0131k Bakanl\u0131\u011f\u0131, Afyonkarahisar Valili\u011fi ve \u0130l Sa\u011fl\u0131k M\u00fcd\u00fcrl\u00fc\u011f\u00fcnce Mehmet G\u00fcndo\u011fan\u2019\u0131n vefat\u0131yla ilgili olarak s\u00f6z konusu muayenehane ve hekim hakk\u0131nda gerekli tahkikatlar halen devam etmektedir&#8221; denildi.<br \/><\/p>\n","protected":false},"excerpt":{"rendered":"<p>Afyonkarahisar\u2019da ge\u00e7ti\u011fimiz ay sar\u0131 serum sonras\u0131 1 ki\u015finin hayat\u0131n\u0131 kaybetti\u011fi \u00f6zel poliklinik, Sa\u011fl\u0131k Bakanl\u0131\u011f\u0131\u2019n\u0131n karar\u0131 sonras\u0131 \u0130l Sa\u011fl\u0131k M\u00fcd\u00fcrl\u00fc\u011f\u00fc ekipleri taraf\u0131ndan m\u00fch\u00fcrlendi. Olay, 13 Ocak\u2019ta kent merkezindeki \u00f6zel bir klinikte meydana geldi. \u0130ddiaya g\u00f6re, mobilya sekt\u00f6r\u00fcnde faaliyet g\u00f6steren bir firman\u0131n sahibi olan ve umre yolculu\u011fu haz\u0131rl\u0131\u011f\u0131 yapan 2 \u00e7ocuk babas\u0131 Mehmet G\u00fcndo\u011fan (38), grip \u015fikayetiyle&#8230;<\/p>\n","protected":false},"author":1,"featured_media":21087,"comment_status":"open","ping_status":"open","sticky":false,"template":"","format":"standard","meta":{"_crdt_document":"","footnotes":""},"categories":[5],"tags":[],"class_list":["post-21086","post","type-post","status-publish","format-standard","has-post-thumbnail","hentry","category-asayis"],"_links":{"self":[{"href":"https:\/\/www.egemtv.com\/index.php?rest_route=\/wp\/v2\/posts\/21086","targetHints":{"allow":["GET"]}}],"collection":[{"href":"https:\/\/www.egemtv.com\/index.php?rest_route=\/wp\/v2\/posts"}],"about":[{"href":"https:\/\/www.egemtv.com\/index.php?rest_route=\/wp\/v2\/types\/post"}],"author":[{"embeddable":true,"href":"https:\/\/www.egemtv.com\/index.php?rest_route=\/wp\/v2\/users\/1"}],"replies":[{"embeddable":true,"href":"https:\/\/www.egemtv.com\/index.php?rest_route=%2Fwp%2Fv2%2Fcomments&post=21086"}],"version-history":[{"count":1,"href":"https:\/\/www.egemtv.com\/index.php?rest_route=\/wp\/v2\/posts\/21086\/revisions"}],"predecessor-version":[{"id":21088,"href":"https:\/\/www.egemtv.com\/index.php?rest_route=\/wp\/v2\/posts\/21086\/revisions\/21088"}],"wp:featuredmedia":[{"embeddable":true,"href":"https:\/\/www.egemtv.com\/index.php?rest_route=\/wp\/v2\/media\/21087"}],"wp:attachment":[{"href":"https:\/\/www.egemtv.com\/index.php?rest_route=%2Fwp%2Fv2%2Fmedia&parent=21086"}],"wp:term":[{"taxonomy":"category","embeddable":true,"href":"https:\/\/www.egemtv.com\/index.php?rest_route=%2Fwp%2Fv2%2Fcategories&post=21086"},{"taxonomy":"post_tag","embeddable":true,"href":"https:\/\/www.egemtv.com\/index.php?rest_route=%2Fwp%2Fv2%2Ftags&post=21086"}],"curies":[{"name":"wp","href":"https:\/\/api.w.org\/{rel}","templated":true}]}}