{"id":21077,"date":"2025-02-20T19:33:59","date_gmt":"2025-02-20T16:33:59","guid":{"rendered":"https:\/\/www.egemtv.com\/?p=21077"},"modified":"2025-02-20T19:34:04","modified_gmt":"2025-02-20T16:34:04","slug":"mhp-meclis-uyelerinden-milletvekili-erbasa-ziyaret","status":"publish","type":"post","link":"https:\/\/www.egemtv.com\/?p=21077","title":{"rendered":"MHP Meclis \u00fcyelerinden Milletvekili Erba\u015f\u2019a ziyaret"},"content":{"rendered":"<p>Milliyet\u00e7i Hareket Partisi (MHP) K\u00fctahya Belediye Meclis \u00fcyeleri, TBMM\u2019de MHP K\u00fctahya Milletvekili Ahmet Erba\u015f\u2019\u0131 ziyaret etti.<br \/>\n<br \/>MHP K\u00fctahya Belediye Meclis \u00fcyeleri, T\u00fcrkiye B\u00fcy\u00fck Millet Meclisi\u2019ne (TBMM) ziyaret ger\u00e7ekle\u015ftirdi. Program kapsam\u0131nda Meclis \u00fcyeleri, Milletvekili Ahmet Erba\u015f ile bir araya gelerek, K\u00fctahya hakk\u0131nda sohbet ettiler. Erba\u015f, Meclis \u00fcyelerine TBMM\u2019yi gezdirerek detayl\u0131 bilgiler verdi.  Meclis \u00fcyeleri Milletvekili Erba\u015f\u2019a misafirperverli\u011fi i\u00e7in te\u015fekk\u00fcr edrerken, K\u00fctahya i\u00e7in birlikte \u00e7al\u0131\u015fma vurgusu yap\u0131ld\u0131.<br \/><\/p>\n","protected":false},"excerpt":{"rendered":"<p>Milliyet\u00e7i Hareket Partisi (MHP) K\u00fctahya Belediye Meclis \u00fcyeleri, TBMM\u2019de MHP K\u00fctahya Milletvekili Ahmet Erba\u015f\u2019\u0131 ziyaret etti. MHP K\u00fctahya Belediye Meclis \u00fcyeleri, T\u00fcrkiye B\u00fcy\u00fck Millet Meclisi\u2019ne (TBMM) ziyaret ger\u00e7ekle\u015ftirdi. Program kapsam\u0131nda Meclis \u00fcyeleri, Milletvekili Ahmet Erba\u015f ile bir araya gelerek, K\u00fctahya hakk\u0131nda sohbet ettiler. Erba\u015f, Meclis \u00fcyelerine TBMM\u2019yi gezdirerek detayl\u0131 bilgiler verdi. Meclis \u00fcyeleri Milletvekili Erba\u015f\u2019a&#8230;<\/p>\n","protected":false},"author":1,"featured_media":21078,"comment_status":"open","ping_status":"open","sticky":false,"template":"","format":"standard","meta":{"_crdt_document":"","footnotes":""},"categories":[127],"tags":[],"class_list":["post-21077","post","type-post","status-publish","format-standard","has-post-thumbnail","hentry","category-siyaset"],"_links":{"self":[{"href":"https:\/\/www.egemtv.com\/index.php?rest_route=\/wp\/v2\/posts\/21077","targetHints":{"allow":["GET"]}}],"collection":[{"href":"https:\/\/www.egemtv.com\/index.php?rest_route=\/wp\/v2\/posts"}],"about":[{"href":"https:\/\/www.egemtv.com\/index.php?rest_route=\/wp\/v2\/types\/post"}],"author":[{"embeddable":true,"href":"https:\/\/www.egemtv.com\/index.php?rest_route=\/wp\/v2\/users\/1"}],"replies":[{"embeddable":true,"href":"https:\/\/www.egemtv.com\/index.php?rest_route=%2Fwp%2Fv2%2Fcomments&post=21077"}],"version-history":[{"count":1,"href":"https:\/\/www.egemtv.com\/index.php?rest_route=\/wp\/v2\/posts\/21077\/revisions"}],"predecessor-version":[{"id":21079,"href":"https:\/\/www.egemtv.com\/index.php?rest_route=\/wp\/v2\/posts\/21077\/revisions\/21079"}],"wp:featuredmedia":[{"embeddable":true,"href":"https:\/\/www.egemtv.com\/index.php?rest_route=\/wp\/v2\/media\/21078"}],"wp:attachment":[{"href":"https:\/\/www.egemtv.com\/index.php?rest_route=%2Fwp%2Fv2%2Fmedia&parent=21077"}],"wp:term":[{"taxonomy":"category","embeddable":true,"href":"https:\/\/www.egemtv.com\/index.php?rest_route=%2Fwp%2Fv2%2Fcategories&post=21077"},{"taxonomy":"post_tag","embeddable":true,"href":"https:\/\/www.egemtv.com\/index.php?rest_route=%2Fwp%2Fv2%2Ftags&post=21077"}],"curies":[{"name":"wp","href":"https:\/\/api.w.org\/{rel}","templated":true}]}}