{"id":21074,"date":"2025-02-20T17:56:23","date_gmt":"2025-02-20T14:56:23","guid":{"rendered":"https:\/\/www.egemtv.com\/?p=21074"},"modified":"2025-02-20T17:56:25","modified_gmt":"2025-02-20T14:56:25","slug":"izmirde-gogsunden-silahla-vurulan-kisi-agir-yaralandi","status":"publish","type":"post","link":"https:\/\/www.egemtv.com\/?p=21074","title":{"rendered":"\u0130zmir\u2019de g\u00f6\u011fs\u00fcnden silahla vurulan ki\u015fi a\u011f\u0131r yaraland\u0131"},"content":{"rendered":"<p>\u0130zmir\u2019de alacak mevzusu oldu\u011fu ileri s\u00fcr\u00fclen ki\u015filer aras\u0131nda \u00e7\u0131kan tart\u0131\u015fmada Ferhat D. (20) silahla Eren Karaman\u2019\u0131 (18) g\u00f6\u011fs\u00fcnden vurarak a\u011f\u0131r yaralad\u0131. Polis olay yerinden ka\u00e7arak uzakla\u015fan Ferhat D.\u2019yi sakland\u0131\u011f\u0131 yerde k\u0131sk\u0131vrak yakalad\u0131.<br \/>\n<br \/>Olay, bug\u00fcn saat 02.30 s\u0131ralar\u0131nda Buca il\u00e7esi 687\/1 Sokak\u2019ta meydana geldi. Edinilen bilgiye g\u00f6re, Eren Karaman (18) kendisine borcu oldu\u011funu iddia eden Ferhat D. (20) ile sokakta bulu\u015ftu. \u0130kili aras\u0131ndan ba\u015flayan tart\u0131\u015fma kavgaya d\u00f6n\u00fc\u015ft\u00fc. \u0130ddiaya g\u00f6re, bor\u00e7 meselesi oldu\u011fu \u00f6ne s\u00fcr\u00fclen kavgada Ferhat D. yan\u0131nda bulunan silahla ate\u015f ederek Karaman\u2019\u0131 g\u00f6\u011fs\u00fcnden a\u011f\u0131r yaralay\u0131p olay yerinden ka\u00e7t\u0131. Silahl\u0131 kavgay\u0131 g\u00f6ren vatanda\u015flar durumu 112 Acil ekiplerine bildirdi. \u0130hbar \u00fczerine b\u00f6lgeye sa\u011fl\u0131k ve polis ekipleri sevk edildi. Olay yerine gelen sa\u011fl\u0131k ekiplerince yap\u0131lan ilk m\u00fcdahalenin ard\u0131ndan Eren Karaman ambulansla Buca Seyfi Demirsoy Hastanesine kald\u0131r\u0131ld\u0131. A\u011f\u0131r yaralanan gencin hastanedeki tedavisine devam ediliyor. Karaman\u2019\u0131 silahla vurarak ka\u00e7an Ferhat D. i\u00e7in Asayi\u015f \u015eube M\u00fcd\u00fcrl\u00fc\u011f\u00fc\u2019ne ba\u011fl\u0131 Cinayet B\u00fcro Amirli\u011fi ekiplerince \u00e7al\u0131\u015fma ba\u015flat\u0131ld\u0131. Ka\u00e7an zanl\u0131n\u0131n Torbal\u0131 il\u00e7esinde bir k\u00f6y evinde sakland\u0131\u011f\u0131n\u0131 tespit eden polis ekipleri, yapt\u0131\u011f\u0131 operasyonla Ferhat D.\u2019yi k\u0131sk\u0131vrak yakalad\u0131. G\u00f6zalt\u0131na al\u0131nan \u015fahs\u0131n emniyetteki i\u015flemleri s\u00fcr\u00fcyor.<br \/><\/p>\n","protected":false},"excerpt":{"rendered":"<p>\u0130zmir\u2019de alacak mevzusu oldu\u011fu ileri s\u00fcr\u00fclen ki\u015filer aras\u0131nda \u00e7\u0131kan tart\u0131\u015fmada Ferhat D. (20) silahla Eren Karaman\u2019\u0131 (18) g\u00f6\u011fs\u00fcnden vurarak a\u011f\u0131r yaralad\u0131. Polis olay yerinden ka\u00e7arak uzakla\u015fan Ferhat D.\u2019yi sakland\u0131\u011f\u0131 yerde k\u0131sk\u0131vrak yakalad\u0131. Olay, bug\u00fcn saat 02.30 s\u0131ralar\u0131nda Buca il\u00e7esi 687\/1 Sokak\u2019ta meydana geldi. Edinilen bilgiye g\u00f6re, Eren Karaman (18) kendisine borcu oldu\u011funu iddia eden Ferhat&#8230;<\/p>\n","protected":false},"author":1,"featured_media":21075,"comment_status":"open","ping_status":"open","sticky":false,"template":"","format":"standard","meta":{"_crdt_document":"","footnotes":""},"categories":[5],"tags":[],"class_list":["post-21074","post","type-post","status-publish","format-standard","has-post-thumbnail","hentry","category-asayis"],"_links":{"self":[{"href":"https:\/\/www.egemtv.com\/index.php?rest_route=\/wp\/v2\/posts\/21074","targetHints":{"allow":["GET"]}}],"collection":[{"href":"https:\/\/www.egemtv.com\/index.php?rest_route=\/wp\/v2\/posts"}],"about":[{"href":"https:\/\/www.egemtv.com\/index.php?rest_route=\/wp\/v2\/types\/post"}],"author":[{"embeddable":true,"href":"https:\/\/www.egemtv.com\/index.php?rest_route=\/wp\/v2\/users\/1"}],"replies":[{"embeddable":true,"href":"https:\/\/www.egemtv.com\/index.php?rest_route=%2Fwp%2Fv2%2Fcomments&post=21074"}],"version-history":[{"count":1,"href":"https:\/\/www.egemtv.com\/index.php?rest_route=\/wp\/v2\/posts\/21074\/revisions"}],"predecessor-version":[{"id":21076,"href":"https:\/\/www.egemtv.com\/index.php?rest_route=\/wp\/v2\/posts\/21074\/revisions\/21076"}],"wp:featuredmedia":[{"embeddable":true,"href":"https:\/\/www.egemtv.com\/index.php?rest_route=\/wp\/v2\/media\/21075"}],"wp:attachment":[{"href":"https:\/\/www.egemtv.com\/index.php?rest_route=%2Fwp%2Fv2%2Fmedia&parent=21074"}],"wp:term":[{"taxonomy":"category","embeddable":true,"href":"https:\/\/www.egemtv.com\/index.php?rest_route=%2Fwp%2Fv2%2Fcategories&post=21074"},{"taxonomy":"post_tag","embeddable":true,"href":"https:\/\/www.egemtv.com\/index.php?rest_route=%2Fwp%2Fv2%2Ftags&post=21074"}],"curies":[{"name":"wp","href":"https:\/\/api.w.org\/{rel}","templated":true}]}}