{"id":21068,"date":"2025-02-20T17:45:01","date_gmt":"2025-02-20T14:45:01","guid":{"rendered":"https:\/\/www.egemtv.com\/?p=21068"},"modified":"2025-02-20T17:45:07","modified_gmt":"2025-02-20T14:45:07","slug":"baskan-eyup-kahveciden-toki-konutlarina-yerinde-inceleme","status":"publish","type":"post","link":"https:\/\/www.egemtv.com\/?p=21068","title":{"rendered":"Ba\u015fkan Ey\u00fcp Kahveci\u2019den TOK\u0130 Konutlar\u0131\u2019na yerinde inceleme"},"content":{"rendered":"<p>K\u00fctahya Belediye Ba\u015fkan\u0131 Ey\u00fcp Kahveci, saha incelemeleri kapsam\u0131nda B\u00f6l\u00fccek Mahallesi\u2019ndeki TOK\u0130 Konutlar\u0131n\u0131 ziyaret etti. Ba\u015fkan Yard\u0131mc\u0131s\u0131 G\u00fclteri Uyan\u0131k ve ilgili birim m\u00fcd\u00fcrlerinin de kat\u0131ld\u0131\u011f\u0131 incelemelerde, y\u00fcr\u00fct\u00fclen projeler ve planlanan geli\u015ftirmeler hakk\u0131nda detayl\u0131 bilgi al\u0131nd\u0131.<br \/>\n<br \/>Ba\u015fkan Kahveci, incelemeler s\u0131ras\u0131nda yapt\u0131\u011f\u0131 a\u00e7\u0131klamada, projelerin etkin bir \u015fekilde hayata ge\u00e7irilmesi i\u00e7in gerekli ad\u0131mlar\u0131n h\u0131zla at\u0131laca\u011f\u0131n\u0131 vurgulad\u0131. K\u00fctahya\u2019n\u0131n geli\u015fimi i\u00e7in \u00e7al\u0131\u015fmalar\u0131n aral\u0131ks\u0131z devam etti\u011fini belirten Kahveci, &#8220;\u015eehrimizin her k\u00f6\u015fesinde daha ya\u015fanabilir bir \u00e7evre ve konforlu ya\u015fam alanlar\u0131 olu\u015fturmak i\u00e7in \u00e7al\u0131\u015f\u0131yoruz. Saha ziyaretlerimizle eksiklikleri yerinde tespit ediyor, an\u0131nda m\u00fcdahalelerde bulunarak s\u00fcreci h\u0131zland\u0131r\u0131yoruz&#8221; dedi.<br \/><\/p>\n","protected":false},"excerpt":{"rendered":"<p>K\u00fctahya Belediye Ba\u015fkan\u0131 Ey\u00fcp Kahveci, saha incelemeleri kapsam\u0131nda B\u00f6l\u00fccek Mahallesi\u2019ndeki TOK\u0130 Konutlar\u0131n\u0131 ziyaret etti. Ba\u015fkan Yard\u0131mc\u0131s\u0131 G\u00fclteri Uyan\u0131k ve ilgili birim m\u00fcd\u00fcrlerinin de kat\u0131ld\u0131\u011f\u0131 incelemelerde, y\u00fcr\u00fct\u00fclen projeler ve planlanan geli\u015ftirmeler hakk\u0131nda detayl\u0131 bilgi al\u0131nd\u0131. Ba\u015fkan Kahveci, incelemeler s\u0131ras\u0131nda yapt\u0131\u011f\u0131 a\u00e7\u0131klamada, projelerin etkin bir \u015fekilde hayata ge\u00e7irilmesi i\u00e7in gerekli ad\u0131mlar\u0131n h\u0131zla at\u0131laca\u011f\u0131n\u0131 vurgulad\u0131. K\u00fctahya\u2019n\u0131n geli\u015fimi i\u00e7in&#8230;<\/p>\n","protected":false},"author":1,"featured_media":21069,"comment_status":"open","ping_status":"open","sticky":false,"template":"","format":"standard","meta":{"_crdt_document":"","footnotes":""},"categories":[123],"tags":[],"class_list":["post-21068","post","type-post","status-publish","format-standard","has-post-thumbnail","hentry","category-gundem"],"_links":{"self":[{"href":"https:\/\/www.egemtv.com\/index.php?rest_route=\/wp\/v2\/posts\/21068","targetHints":{"allow":["GET"]}}],"collection":[{"href":"https:\/\/www.egemtv.com\/index.php?rest_route=\/wp\/v2\/posts"}],"about":[{"href":"https:\/\/www.egemtv.com\/index.php?rest_route=\/wp\/v2\/types\/post"}],"author":[{"embeddable":true,"href":"https:\/\/www.egemtv.com\/index.php?rest_route=\/wp\/v2\/users\/1"}],"replies":[{"embeddable":true,"href":"https:\/\/www.egemtv.com\/index.php?rest_route=%2Fwp%2Fv2%2Fcomments&post=21068"}],"version-history":[{"count":1,"href":"https:\/\/www.egemtv.com\/index.php?rest_route=\/wp\/v2\/posts\/21068\/revisions"}],"predecessor-version":[{"id":21070,"href":"https:\/\/www.egemtv.com\/index.php?rest_route=\/wp\/v2\/posts\/21068\/revisions\/21070"}],"wp:featuredmedia":[{"embeddable":true,"href":"https:\/\/www.egemtv.com\/index.php?rest_route=\/wp\/v2\/media\/21069"}],"wp:attachment":[{"href":"https:\/\/www.egemtv.com\/index.php?rest_route=%2Fwp%2Fv2%2Fmedia&parent=21068"}],"wp:term":[{"taxonomy":"category","embeddable":true,"href":"https:\/\/www.egemtv.com\/index.php?rest_route=%2Fwp%2Fv2%2Fcategories&post=21068"},{"taxonomy":"post_tag","embeddable":true,"href":"https:\/\/www.egemtv.com\/index.php?rest_route=%2Fwp%2Fv2%2Ftags&post=21068"}],"curies":[{"name":"wp","href":"https:\/\/api.w.org\/{rel}","templated":true}]}}