{"id":21065,"date":"2025-02-20T17:44:56","date_gmt":"2025-02-20T14:44:56","guid":{"rendered":"https:\/\/www.egemtv.com\/?p=21065"},"modified":"2025-02-20T17:45:00","modified_gmt":"2025-02-20T14:45:00","slug":"aydin-jandarmasi-2-gunde-41-sahsi-yakalandi","status":"publish","type":"post","link":"https:\/\/www.egemtv.com\/?p=21065","title":{"rendered":"Ayd\u0131n jandarmas\u0131 2 g\u00fcnde 41 \u015fahs\u0131 yakaland\u0131"},"content":{"rendered":"<p>Ayd\u0131n il genelinde jandarma ekipleri taraf\u0131ndan hakk\u0131nda yakalama karar\u0131 bulunan \u015fah\u0131slara y\u00f6nelik ger\u00e7ekle\u015ftirilen \u00e7al\u0131\u015fmalar kapsam\u0131nda 2 g\u00fcnde 41 \u015fah\u0131s yakaland\u0131.<\/p>\n<p>Edinilen bilgiye g\u00f6re, Ayd\u0131n \u0130l Jandarma Komutanl\u0131\u011f\u0131 JASAT Timleri ve \u0130l\u00e7e Jandarma Komutanlar\u0131 taraf\u0131ndan hakk\u0131nda yakalama karar\u0131 bulunan \u015fah\u0131slara y\u00f6nelik iki g\u00fcn ger\u00e7ekle\u015ftirilen \u00e7al\u0131\u015fmalarda; 0-2 y\u0131l aras\u0131 hapis cezas\u0131 ile aranan 19 \u015fah\u0131s, 2-5 y\u0131l aras\u0131 hapis cezas\u0131 ile aranan 6 \u015fah\u0131s, 5-10 y\u0131l aras\u0131 hapis cezas\u0131 ile aranan 2 \u015fah\u0131s ve ifadeye y\u00f6nelik aranan 14 \u015fah\u0131s olmak \u00fczere toplamda 41 \u015fah\u0131s yakaland\u0131.<\/p>\n<p>Yakalanan 41 \u015fah\u0131s aras\u0131nda; uyu\u015fturucu su\u00e7undan 6 \u015fah\u0131s, yaralama su\u00e7undan 5 \u015fah\u0131s, ya\u011fma su\u00e7undan 2 \u015fah\u0131s, kasten \u00f6ld\u00fcrme su\u00e7undan 1 \u015fah\u0131s ve di\u011fer su\u00e7lardan 27 \u015fahs\u0131n bulundu\u011fu \u00f6\u011frenildi.<br \/><\/p>\n","protected":false},"excerpt":{"rendered":"<p>Ayd\u0131n il genelinde jandarma ekipleri taraf\u0131ndan hakk\u0131nda yakalama karar\u0131 bulunan \u015fah\u0131slara y\u00f6nelik ger\u00e7ekle\u015ftirilen \u00e7al\u0131\u015fmalar kapsam\u0131nda 2 g\u00fcnde 41 \u015fah\u0131s yakaland\u0131. Edinilen bilgiye g\u00f6re, Ayd\u0131n \u0130l Jandarma Komutanl\u0131\u011f\u0131 JASAT Timleri ve \u0130l\u00e7e Jandarma Komutanlar\u0131 taraf\u0131ndan hakk\u0131nda yakalama karar\u0131 bulunan \u015fah\u0131slara y\u00f6nelik iki g\u00fcn ger\u00e7ekle\u015ftirilen \u00e7al\u0131\u015fmalarda; 0-2 y\u0131l aras\u0131 hapis cezas\u0131 ile aranan 19 \u015fah\u0131s, 2-5 y\u0131l&#8230;<\/p>\n","protected":false},"author":1,"featured_media":21066,"comment_status":"open","ping_status":"open","sticky":false,"template":"","format":"standard","meta":{"_crdt_document":"","footnotes":""},"categories":[5],"tags":[],"class_list":["post-21065","post","type-post","status-publish","format-standard","has-post-thumbnail","hentry","category-asayis"],"_links":{"self":[{"href":"https:\/\/www.egemtv.com\/index.php?rest_route=\/wp\/v2\/posts\/21065","targetHints":{"allow":["GET"]}}],"collection":[{"href":"https:\/\/www.egemtv.com\/index.php?rest_route=\/wp\/v2\/posts"}],"about":[{"href":"https:\/\/www.egemtv.com\/index.php?rest_route=\/wp\/v2\/types\/post"}],"author":[{"embeddable":true,"href":"https:\/\/www.egemtv.com\/index.php?rest_route=\/wp\/v2\/users\/1"}],"replies":[{"embeddable":true,"href":"https:\/\/www.egemtv.com\/index.php?rest_route=%2Fwp%2Fv2%2Fcomments&post=21065"}],"version-history":[{"count":1,"href":"https:\/\/www.egemtv.com\/index.php?rest_route=\/wp\/v2\/posts\/21065\/revisions"}],"predecessor-version":[{"id":21067,"href":"https:\/\/www.egemtv.com\/index.php?rest_route=\/wp\/v2\/posts\/21065\/revisions\/21067"}],"wp:featuredmedia":[{"embeddable":true,"href":"https:\/\/www.egemtv.com\/index.php?rest_route=\/wp\/v2\/media\/21066"}],"wp:attachment":[{"href":"https:\/\/www.egemtv.com\/index.php?rest_route=%2Fwp%2Fv2%2Fmedia&parent=21065"}],"wp:term":[{"taxonomy":"category","embeddable":true,"href":"https:\/\/www.egemtv.com\/index.php?rest_route=%2Fwp%2Fv2%2Fcategories&post=21065"},{"taxonomy":"post_tag","embeddable":true,"href":"https:\/\/www.egemtv.com\/index.php?rest_route=%2Fwp%2Fv2%2Ftags&post=21065"}],"curies":[{"name":"wp","href":"https:\/\/api.w.org\/{rel}","templated":true}]}}