{"id":21059,"date":"2025-02-20T17:41:05","date_gmt":"2025-02-20T14:41:05","guid":{"rendered":"https:\/\/www.egemtv.com\/?p=21059"},"modified":"2025-02-20T17:41:08","modified_gmt":"2025-02-20T14:41:08","slug":"bodrumda-deniz-kaplumbagasi-kiyiya-vurdu","status":"publish","type":"post","link":"https:\/\/www.egemtv.com\/?p=21059","title":{"rendered":"Bodrum\u2019da deniz kaplumba\u011fas\u0131 k\u0131y\u0131ya vurdu"},"content":{"rendered":"<p>Mu\u011fla\u2019n\u0131n Bodrum il\u00e7esinde caretta caretta cinsi deniz kaplumba\u011fas\u0131, telef olmu\u015f halde k\u0131y\u0131ya vurdu.<\/p>\n<p>G\u00fcndo\u011fan K\u00fc\u00e7\u00fckb\u00fck Mahallesi sahilinde y\u00fcr\u00fcy\u00fc\u015f yapan vatanda\u015flar, nesli t\u00fckenme tehdidi alt\u0131ndaki caretta caretta cinsi bir kaplumba\u011fan\u0131n k\u0131y\u0131da oldu\u011funu g\u00f6rd\u00fc. Yap\u0131lan kontrollerde kaplumba\u011fan\u0131n telef oldu\u011fu belirlendi.<\/p>\n<p>Yakla\u015f\u0131k 70 santimetre boyunda ve 50 kilogram a\u011f\u0131rl\u0131\u011f\u0131ndaki kaplumba\u011fan\u0131n Deniz Kaplumba\u011falar\u0131 Ara\u015ft\u0131rma, Kurtarma ve Rehabilitasyon Merkezi (DEKAMER) yetkilileri taraf\u0131ndan b\u00f6lgeden al\u0131naca\u011f\u0131 bildirildi. Kaplumba\u011fan\u0131n telef olma  sebebi, yap\u0131lacak incelemenin ard\u0131ndan belli olacak.<\/p>\n<p>\u00d6te yandan yakla\u015f\u0131k bir ay \u00f6nce de b\u00f6lgeye bir deniz kaplumba\u011fas\u0131n\u0131n telef halde vurdu\u011fu \u00f6\u011frenildi.<br \/><\/p>\n","protected":false},"excerpt":{"rendered":"<p>Mu\u011fla\u2019n\u0131n Bodrum il\u00e7esinde caretta caretta cinsi deniz kaplumba\u011fas\u0131, telef olmu\u015f halde k\u0131y\u0131ya vurdu. G\u00fcndo\u011fan K\u00fc\u00e7\u00fckb\u00fck Mahallesi sahilinde y\u00fcr\u00fcy\u00fc\u015f yapan vatanda\u015flar, nesli t\u00fckenme tehdidi alt\u0131ndaki caretta caretta cinsi bir kaplumba\u011fan\u0131n k\u0131y\u0131da oldu\u011funu g\u00f6rd\u00fc. Yap\u0131lan kontrollerde kaplumba\u011fan\u0131n telef oldu\u011fu belirlendi. Yakla\u015f\u0131k 70 santimetre boyunda ve 50 kilogram a\u011f\u0131rl\u0131\u011f\u0131ndaki kaplumba\u011fan\u0131n Deniz Kaplumba\u011falar\u0131 Ara\u015ft\u0131rma, Kurtarma ve Rehabilitasyon Merkezi (DEKAMER)&#8230;<\/p>\n","protected":false},"author":1,"featured_media":21060,"comment_status":"open","ping_status":"open","sticky":false,"template":"","format":"standard","meta":{"_crdt_document":"","footnotes":""},"categories":[1],"tags":[],"class_list":["post-21059","post","type-post","status-publish","format-standard","has-post-thumbnail","hentry","category-guncel"],"_links":{"self":[{"href":"https:\/\/www.egemtv.com\/index.php?rest_route=\/wp\/v2\/posts\/21059","targetHints":{"allow":["GET"]}}],"collection":[{"href":"https:\/\/www.egemtv.com\/index.php?rest_route=\/wp\/v2\/posts"}],"about":[{"href":"https:\/\/www.egemtv.com\/index.php?rest_route=\/wp\/v2\/types\/post"}],"author":[{"embeddable":true,"href":"https:\/\/www.egemtv.com\/index.php?rest_route=\/wp\/v2\/users\/1"}],"replies":[{"embeddable":true,"href":"https:\/\/www.egemtv.com\/index.php?rest_route=%2Fwp%2Fv2%2Fcomments&post=21059"}],"version-history":[{"count":1,"href":"https:\/\/www.egemtv.com\/index.php?rest_route=\/wp\/v2\/posts\/21059\/revisions"}],"predecessor-version":[{"id":21061,"href":"https:\/\/www.egemtv.com\/index.php?rest_route=\/wp\/v2\/posts\/21059\/revisions\/21061"}],"wp:featuredmedia":[{"embeddable":true,"href":"https:\/\/www.egemtv.com\/index.php?rest_route=\/wp\/v2\/media\/21060"}],"wp:attachment":[{"href":"https:\/\/www.egemtv.com\/index.php?rest_route=%2Fwp%2Fv2%2Fmedia&parent=21059"}],"wp:term":[{"taxonomy":"category","embeddable":true,"href":"https:\/\/www.egemtv.com\/index.php?rest_route=%2Fwp%2Fv2%2Fcategories&post=21059"},{"taxonomy":"post_tag","embeddable":true,"href":"https:\/\/www.egemtv.com\/index.php?rest_route=%2Fwp%2Fv2%2Ftags&post=21059"}],"curies":[{"name":"wp","href":"https:\/\/api.w.org\/{rel}","templated":true}]}}