{"id":21056,"date":"2025-02-20T17:40:58","date_gmt":"2025-02-20T14:40:58","guid":{"rendered":"https:\/\/www.egemtv.com\/?p=21056"},"modified":"2025-02-20T17:41:04","modified_gmt":"2025-02-20T14:41:04","slug":"kocarlida-havaya-ates-acan-sahis-yakalandi","status":"publish","type":"post","link":"https:\/\/www.egemtv.com\/?p=21056","title":{"rendered":"Ko\u00e7arl\u0131\u2019da havaya ate\u015f a\u00e7an \u015fah\u0131s yakaland\u0131"},"content":{"rendered":"<p>Ayd\u0131n\u2019\u0131n Ko\u00e7arl\u0131 Mahallesi\u2019nde sarho\u015f halde havaya ate\u015f a\u00e7an \u015fah\u0131s jandarma taraf\u0131ndan yakaland\u0131.<\/p>\n<p>Ko\u00e7arl\u0131 il\u00e7esi Tekeli Mahallesi\u2019nde ikamet eden Y.E. isimli \u015f\u00fcpheli \u015fahs\u0131n alkol\u00fcn etkisi ile meskun mahal i\u00e7erisinde silah ile ate\u015f etti\u011fi tespit edildi. Ko\u00e7arl\u0131 \u0130l\u00e7e Jandarma Komutanl\u0131\u011f\u0131nca \u015f\u00fcpheliden bir adet tabanca ile ate\u015f etti\u011fi b\u00f6lgede ise bo\u015f kovanlar ele ge\u00e7irilerek \u015f\u00fcpheli yakaland\u0131. \u015e\u00fcpheli hakk\u0131nda adli s\u00fcrecin devam etti\u011fi \u00f6\u011frenildi.<br \/><\/p>\n","protected":false},"excerpt":{"rendered":"<p>Ayd\u0131n\u2019\u0131n Ko\u00e7arl\u0131 Mahallesi\u2019nde sarho\u015f halde havaya ate\u015f a\u00e7an \u015fah\u0131s jandarma taraf\u0131ndan yakaland\u0131. Ko\u00e7arl\u0131 il\u00e7esi Tekeli Mahallesi\u2019nde ikamet eden Y.E. isimli \u015f\u00fcpheli \u015fahs\u0131n alkol\u00fcn etkisi ile meskun mahal i\u00e7erisinde silah ile ate\u015f etti\u011fi tespit edildi. Ko\u00e7arl\u0131 \u0130l\u00e7e Jandarma Komutanl\u0131\u011f\u0131nca \u015f\u00fcpheliden bir adet tabanca ile ate\u015f etti\u011fi b\u00f6lgede ise bo\u015f kovanlar ele ge\u00e7irilerek \u015f\u00fcpheli yakaland\u0131. \u015e\u00fcpheli hakk\u0131nda&#8230;<\/p>\n","protected":false},"author":1,"featured_media":21057,"comment_status":"open","ping_status":"open","sticky":false,"template":"","format":"standard","meta":{"_crdt_document":"","footnotes":""},"categories":[5],"tags":[],"class_list":["post-21056","post","type-post","status-publish","format-standard","has-post-thumbnail","hentry","category-asayis"],"_links":{"self":[{"href":"https:\/\/www.egemtv.com\/index.php?rest_route=\/wp\/v2\/posts\/21056","targetHints":{"allow":["GET"]}}],"collection":[{"href":"https:\/\/www.egemtv.com\/index.php?rest_route=\/wp\/v2\/posts"}],"about":[{"href":"https:\/\/www.egemtv.com\/index.php?rest_route=\/wp\/v2\/types\/post"}],"author":[{"embeddable":true,"href":"https:\/\/www.egemtv.com\/index.php?rest_route=\/wp\/v2\/users\/1"}],"replies":[{"embeddable":true,"href":"https:\/\/www.egemtv.com\/index.php?rest_route=%2Fwp%2Fv2%2Fcomments&post=21056"}],"version-history":[{"count":1,"href":"https:\/\/www.egemtv.com\/index.php?rest_route=\/wp\/v2\/posts\/21056\/revisions"}],"predecessor-version":[{"id":21058,"href":"https:\/\/www.egemtv.com\/index.php?rest_route=\/wp\/v2\/posts\/21056\/revisions\/21058"}],"wp:featuredmedia":[{"embeddable":true,"href":"https:\/\/www.egemtv.com\/index.php?rest_route=\/wp\/v2\/media\/21057"}],"wp:attachment":[{"href":"https:\/\/www.egemtv.com\/index.php?rest_route=%2Fwp%2Fv2%2Fmedia&parent=21056"}],"wp:term":[{"taxonomy":"category","embeddable":true,"href":"https:\/\/www.egemtv.com\/index.php?rest_route=%2Fwp%2Fv2%2Fcategories&post=21056"},{"taxonomy":"post_tag","embeddable":true,"href":"https:\/\/www.egemtv.com\/index.php?rest_route=%2Fwp%2Fv2%2Ftags&post=21056"}],"curies":[{"name":"wp","href":"https:\/\/api.w.org\/{rel}","templated":true}]}}