{"id":21053,"date":"2025-02-20T17:38:22","date_gmt":"2025-02-20T14:38:22","guid":{"rendered":"https:\/\/www.egemtv.com\/?p=21053"},"modified":"2025-02-20T17:38:26","modified_gmt":"2025-02-20T14:38:26","slug":"dogaseverler-zeytinyagini-yakindan-tanidi","status":"publish","type":"post","link":"https:\/\/www.egemtv.com\/?p=21053","title":{"rendered":"Do\u011faseverler zeytinya\u011f\u0131n\u0131 yak\u0131ndan tan\u0131d\u0131"},"content":{"rendered":"<p>Ekosistemi Koruma ve Do\u011fa Sevenler Derne\u011fi\u2019nin (EKODOSD) \u00c7ar\u015famba S\u00f6yle\u015fileri\u2019nde bu hafta zeytin ve zeytinya\u011f\u0131nda do\u011fru bilinen yanl\u0131\u015flar anlat\u0131l\u0131rken, do\u011faseverler zeytinya\u011f\u0131 tad\u0131m\u0131 yapt\u0131.<\/p>\n<p>Ayd\u0131n\u2019da tarihin ve ekosistemin korunmas\u0131 ad\u0131na \u00f6nemli \u00e7al\u0131\u015fmalar y\u00fcr\u00fcten Ekosistemi Koruma ve Do\u011fa Sevenler Derne\u011fi (EKODOSD), \u2018\u00c7ar\u015famba S\u00f6yle\u015fileri\u2019ne aral\u0131ks\u0131z devam ediyor. Bu \u00e7er\u00e7evede d\u00fczenlenen s\u00f6yle\u015finin bu haftaki konusu ise &#8220;Zeytinya\u011f\u0131n\u0131 do\u011fru anlamak&#8221; oldu. S\u00f6yle\u015filerin bu haftaki konu\u011fu ise Ayd\u0131n Ticaret Borsas\u0131 Tad\u0131m Paneli Ba\u015fkan\u0131 olan Yusuf K\u00fc\u00e7\u00fck oldu. K\u00fc\u00e7\u00fck, T\u00fcrkiye\u2019deki zeytin hasat durumu, yeti\u015ftiricilik, d\u00fcnyada ve T\u00fcrkiye\u2019deki son teknolojik geli\u015fmeler, fabrikalardaki ya\u011f s\u0131k\u0131mlar\u0131 ve teknikleri, di\u011fer \u00fclkelerle kar\u015f\u0131la\u015ft\u0131r\u0131lmas\u0131, ya\u015fanan zorluklar, ya\u011f kalitesinde nelerin kaybedildi\u011fi, zeytinya\u011f\u0131 nas\u0131l saklanmal\u0131, \u00fcretimden tencereye kadar olan do\u011fru ve yanl\u0131\u015f olarak bilinenleri anlatt\u0131.<\/p>\n<p>Her hafta ger\u00e7ekle\u015ftirilen s\u00f6yle\u015filerin devam edece\u011fini ifade eden EKODOSD Ba\u015fkan\u0131 Bahattin S\u00fcr\u00fcc\u00fc, s\u00f6yle\u015fi ile ilgili yapt\u0131\u011f\u0131 a\u00e7\u0131klamada &#8220;\u00c7ar\u015famba S\u00f6yle\u015fileri\u2019nin bu haftaki konu\u011fu Kimya Y\u00fcksek M\u00fchendisi ve profesyonel turist rehberi Yusuf K\u00fc\u00e7\u00fck oldu. Ayd\u0131n Ticaret Borsas\u0131 Tad\u0131m Paneli Ba\u015fkan\u0131 olan Yusuf K\u00fc\u00e7\u00fck \u2018Zeytinya\u011f\u0131n\u0131 Do\u011fru Anlamak\u2019 konulu bir sunum ger\u00e7ekle\u015ftirdi. Do\u011fru olarak bilinen yanl\u0131\u015flar\u0131n anlat\u0131ld\u0131\u011f\u0131 sunumdan sonra farkl\u0131 b\u00f6lgelerde ve de\u011fi\u015fik zeytinlerden elde edilen zeytinya\u011flar\u0131yla tad\u0131m e\u011fitimi yap\u0131ld\u0131&#8221; ifadelerine yer verdi.<\/p>\n<p>Yap\u0131lan sunumun ard\u0131ndan konuklar\u0131n sorular\u0131n\u0131 da yan\u0131tlayan Ayd\u0131n Ticaret Borsas\u0131 Tad\u0131m Paneli Ba\u015fkan\u0131 olan Yusuf K\u00fc\u00e7\u00fck\u2019e, Prof. Dr. Figen Y\u0131ld\u0131z taraf\u0131ndan EKODOSD\u2019un te\u015fekk\u00fcr belgesi takdim edildi.<br \/><\/p>\n","protected":false},"excerpt":{"rendered":"<p>Ekosistemi Koruma ve Do\u011fa Sevenler Derne\u011fi\u2019nin (EKODOSD) \u00c7ar\u015famba S\u00f6yle\u015fileri\u2019nde bu hafta zeytin ve zeytinya\u011f\u0131nda do\u011fru bilinen yanl\u0131\u015flar anlat\u0131l\u0131rken, do\u011faseverler zeytinya\u011f\u0131 tad\u0131m\u0131 yapt\u0131. Ayd\u0131n\u2019da tarihin ve ekosistemin korunmas\u0131 ad\u0131na \u00f6nemli \u00e7al\u0131\u015fmalar y\u00fcr\u00fcten Ekosistemi Koruma ve Do\u011fa Sevenler Derne\u011fi (EKODOSD), \u2018\u00c7ar\u015famba S\u00f6yle\u015fileri\u2019ne aral\u0131ks\u0131z devam ediyor. Bu \u00e7er\u00e7evede d\u00fczenlenen s\u00f6yle\u015finin bu haftaki konusu ise &#8220;Zeytinya\u011f\u0131n\u0131 do\u011fru anlamak&#8221; oldu&#8230;.<\/p>\n","protected":false},"author":1,"featured_media":21054,"comment_status":"open","ping_status":"open","sticky":false,"template":"","format":"standard","meta":{"_crdt_document":"","footnotes":""},"categories":[1],"tags":[],"class_list":["post-21053","post","type-post","status-publish","format-standard","has-post-thumbnail","hentry","category-guncel"],"_links":{"self":[{"href":"https:\/\/www.egemtv.com\/index.php?rest_route=\/wp\/v2\/posts\/21053","targetHints":{"allow":["GET"]}}],"collection":[{"href":"https:\/\/www.egemtv.com\/index.php?rest_route=\/wp\/v2\/posts"}],"about":[{"href":"https:\/\/www.egemtv.com\/index.php?rest_route=\/wp\/v2\/types\/post"}],"author":[{"embeddable":true,"href":"https:\/\/www.egemtv.com\/index.php?rest_route=\/wp\/v2\/users\/1"}],"replies":[{"embeddable":true,"href":"https:\/\/www.egemtv.com\/index.php?rest_route=%2Fwp%2Fv2%2Fcomments&post=21053"}],"version-history":[{"count":1,"href":"https:\/\/www.egemtv.com\/index.php?rest_route=\/wp\/v2\/posts\/21053\/revisions"}],"predecessor-version":[{"id":21055,"href":"https:\/\/www.egemtv.com\/index.php?rest_route=\/wp\/v2\/posts\/21053\/revisions\/21055"}],"wp:featuredmedia":[{"embeddable":true,"href":"https:\/\/www.egemtv.com\/index.php?rest_route=\/wp\/v2\/media\/21054"}],"wp:attachment":[{"href":"https:\/\/www.egemtv.com\/index.php?rest_route=%2Fwp%2Fv2%2Fmedia&parent=21053"}],"wp:term":[{"taxonomy":"category","embeddable":true,"href":"https:\/\/www.egemtv.com\/index.php?rest_route=%2Fwp%2Fv2%2Fcategories&post=21053"},{"taxonomy":"post_tag","embeddable":true,"href":"https:\/\/www.egemtv.com\/index.php?rest_route=%2Fwp%2Fv2%2Ftags&post=21053"}],"curies":[{"name":"wp","href":"https:\/\/api.w.org\/{rel}","templated":true}]}}