{"id":21047,"date":"2025-02-20T17:23:51","date_gmt":"2025-02-20T14:23:51","guid":{"rendered":"https:\/\/www.egemtv.com\/?p=21047"},"modified":"2025-02-20T17:23:55","modified_gmt":"2025-02-20T14:23:55","slug":"kusadasi-belediyesi-oz-kaynaklari-ile-hizmet-uretiyor","status":"publish","type":"post","link":"https:\/\/www.egemtv.com\/?p=21047","title":{"rendered":"Ku\u015fadas\u0131 Belediyesi \u00f6z kaynaklar\u0131 ile hizmet \u00fcretiyor"},"content":{"rendered":"<p>Ku\u015fadas\u0131 Belediyesi, sahip oldu\u011fu \u00f6z kaynaklar\u0131 da verimli bir \u015fekilde kullan\u0131yor. Bu kapsamda yeni kurulan Makine \u0130kmal Bak\u0131m ve Onar\u0131m M\u00fcd\u00fcrl\u00fc\u011f\u00fc, ara\u00e7 filosunda bulunan damperli bir kamyonu, i\u015f makinelerinin ta\u015f\u0131nmas\u0131 i\u00e7in gerekli olan \u00e7ekiciye d\u00f6n\u00fc\u015ft\u00fcr\u00fcp, 8 milyon 700 bin liran\u0131n Ku\u015fadas\u0131 Belediyesi\u2019nin kasas\u0131nda kalmas\u0131n\u0131 sa\u011flad\u0131.<\/p>\n<p>Ku\u015fadas\u0131 Belediyesi, kentin t\u00fcm mahallelerine e\u015fit ve kaliteli hizmet g\u00f6t\u00fcrmek amac\u0131yla g\u00fcn\u00fcn 24 saati \u00e7al\u0131\u015f\u0131yor. Yol yap\u0131m, bak\u0131m ve onar\u0131m i\u015flerinin yan\u0131 s\u0131ra kente yeni ye\u015fil alan ve parklar kazand\u0131rmak i\u00e7in de yo\u011fun \u00e7aba sarf eden ekipler \u00e7o\u011fu zaman silindir, ekskavat\u00f6r, greyder ve buldozer gibi i\u015f makinelerine de ihtiya\u00e7 duyuyor. Normal trafi\u011fe \u00e7\u0131k\u0131\u015f\u0131 yasak olan bu i\u015f makinelerinin de bir yerden ba\u015fka bir yere nakli i\u00e7in kiralanan \u00e7ekicilerin y\u0131ll\u0131k maliyetleri, Ku\u015fadas\u0131 Belediyesi\u2019nin b\u00fct\u00e7esinde \u00f6nemli bir kalem tutuyor.<\/p>\n<p>Ku\u015fadas\u0131 Belediyesi, \u00e7ekici ihtiyac\u0131n\u0131 10 milyon liraya yeni bir i\u015f makinesi sat\u0131n almak yerine, ara\u00e7 filosunda bulunan 300 beygir g\u00fcc\u00fcndeki damperli kamyonu \u00e7ekiciye d\u00f6n\u00fc\u015ft\u00fcrmekle \u00e7\u00f6z\u00fcme kavu\u015fturdu. Makine \u0130kmal Bak\u0131m ve Onar\u0131m M\u00fcd\u00fcr\u00fc G\u00fcrkan Ertekin taraf\u0131ndan projelendirilen yeni \u00e7ekici, \u0130zmir\u2019in Alia\u011fa il\u00e7esindeki TSE Ara\u00e7 Kontrol Merkezi\u2019nin de onay\u0131yla yakla\u015f\u0131k 1 milyon 300 bin liraya mal oldu. B\u00f6ylece 8 milyon 700 bin lira Ku\u015fadas\u0131 Belediyesi\u2019nin kasas\u0131nda kalarak \u00f6nemli bir tasarruf yap\u0131ld\u0131. Ku\u015fadas\u0131 Belediyesi, yeni \u00e7ekici sayesinde ayr\u0131ca y\u0131ll\u0131k 600 bin liray\u0131 bulan kiralama maliyetinden de kurtuldu.<\/p>\n<p>Makine \u0130kmal Bak\u0131m ve Onar\u0131m M\u00fcd\u00fcr\u00fc G\u00fcrkan Ertekin, &#8220;Ara\u00e7 filomuza \u00e7ekicimizi kazand\u0131rmadan \u00f6nce i\u015f makinelerinin kent i\u00e7erisindeki transferi bize hem maliyet hem de zaman a\u00e7\u0131s\u0131ndan \u00f6nemli bir y\u00fck getiriyordu. Art\u0131k t\u00fcm vizeleri tamam olan ve izinleri al\u0131nm\u0131\u015f bir \u00e7ekiciye sahibiz. Bu sayede Ku\u015fadas\u0131 Belediyesi \u00f6nemli bir gider kaleminden kurtuldu. \u00c7ekici arac\u0131m\u0131z\u0131n t\u00fcm ekip arkada\u015flar\u0131m\u0131za hay\u0131rl\u0131 olmas\u0131n\u0131 diliyorum&#8221; diye konu\u015ftu.<br \/><\/p>\n","protected":false},"excerpt":{"rendered":"<p>Ku\u015fadas\u0131 Belediyesi, sahip oldu\u011fu \u00f6z kaynaklar\u0131 da verimli bir \u015fekilde kullan\u0131yor. Bu kapsamda yeni kurulan Makine \u0130kmal Bak\u0131m ve Onar\u0131m M\u00fcd\u00fcrl\u00fc\u011f\u00fc, ara\u00e7 filosunda bulunan damperli bir kamyonu, i\u015f makinelerinin ta\u015f\u0131nmas\u0131 i\u00e7in gerekli olan \u00e7ekiciye d\u00f6n\u00fc\u015ft\u00fcr\u00fcp, 8 milyon 700 bin liran\u0131n Ku\u015fadas\u0131 Belediyesi\u2019nin kasas\u0131nda kalmas\u0131n\u0131 sa\u011flad\u0131. Ku\u015fadas\u0131 Belediyesi, kentin t\u00fcm mahallelerine e\u015fit ve kaliteli hizmet g\u00f6t\u00fcrmek&#8230;<\/p>\n","protected":false},"author":1,"featured_media":21048,"comment_status":"open","ping_status":"open","sticky":false,"template":"","format":"standard","meta":{"_crdt_document":"","footnotes":""},"categories":[125],"tags":[],"class_list":["post-21047","post","type-post","status-publish","format-standard","has-post-thumbnail","hentry","category-ekonomi"],"_links":{"self":[{"href":"https:\/\/www.egemtv.com\/index.php?rest_route=\/wp\/v2\/posts\/21047","targetHints":{"allow":["GET"]}}],"collection":[{"href":"https:\/\/www.egemtv.com\/index.php?rest_route=\/wp\/v2\/posts"}],"about":[{"href":"https:\/\/www.egemtv.com\/index.php?rest_route=\/wp\/v2\/types\/post"}],"author":[{"embeddable":true,"href":"https:\/\/www.egemtv.com\/index.php?rest_route=\/wp\/v2\/users\/1"}],"replies":[{"embeddable":true,"href":"https:\/\/www.egemtv.com\/index.php?rest_route=%2Fwp%2Fv2%2Fcomments&post=21047"}],"version-history":[{"count":1,"href":"https:\/\/www.egemtv.com\/index.php?rest_route=\/wp\/v2\/posts\/21047\/revisions"}],"predecessor-version":[{"id":21049,"href":"https:\/\/www.egemtv.com\/index.php?rest_route=\/wp\/v2\/posts\/21047\/revisions\/21049"}],"wp:featuredmedia":[{"embeddable":true,"href":"https:\/\/www.egemtv.com\/index.php?rest_route=\/wp\/v2\/media\/21048"}],"wp:attachment":[{"href":"https:\/\/www.egemtv.com\/index.php?rest_route=%2Fwp%2Fv2%2Fmedia&parent=21047"}],"wp:term":[{"taxonomy":"category","embeddable":true,"href":"https:\/\/www.egemtv.com\/index.php?rest_route=%2Fwp%2Fv2%2Fcategories&post=21047"},{"taxonomy":"post_tag","embeddable":true,"href":"https:\/\/www.egemtv.com\/index.php?rest_route=%2Fwp%2Fv2%2Ftags&post=21047"}],"curies":[{"name":"wp","href":"https:\/\/api.w.org\/{rel}","templated":true}]}}