{"id":21044,"date":"2025-02-20T16:55:19","date_gmt":"2025-02-20T13:55:19","guid":{"rendered":"https:\/\/www.egemtv.com\/?p=21044"},"modified":"2025-02-20T16:55:23","modified_gmt":"2025-02-20T13:55:23","slug":"dto-baskan-yardimcisi-araci-denizli-76-ulkeye-70-cesit-tarim-urunu-ihrac-ediyor","status":"publish","type":"post","link":"https:\/\/www.egemtv.com\/?p=21044","title":{"rendered":"DTO Ba\u015fkan Yard\u0131mc\u0131s\u0131 Arac\u0131; &#8220;Denizli, 76 \u00fclkeye 70 \u00e7e\u015fit tar\u0131m \u00fcr\u00fcn\u00fc ihra\u00e7 ediyor&#8221;"},"content":{"rendered":"<p>Denizli Ticaret Odas\u0131 (DTO) Ba\u015fkan Yard\u0131mc\u0131s\u0131 Hasan Arac\u0131, Denizli\u2019yi, b\u00f6lgesel bir fuar merkezi haline getirmeye \u00e7al\u0131\u015ft\u0131klar\u0131na dikkat \u00e7ekerek, &#8220;23 bine yak\u0131n \u00fcyesi ile \u015fehrin en b\u00fcy\u00fck ve en etkin sivil toplum kurulu\u015fu olan Denizli Ticaret Odam\u0131zdaki \u00f6nceliklerimizin ba\u015f\u0131nda fuarlar\u0131m\u0131z\u0131n say\u0131s\u0131n\u0131 art\u0131rmak geliyor; bunun i\u00e7in, g\u00f6reve geldi\u011fimiz g\u00fcnden bu yana b\u00fcy\u00fck \u00e7aba g\u00f6stermekteyiz. Bu y\u00f6ndeki giri\u015fimlere de her t\u00fcrl\u00fc deste\u011fi sa\u011fl\u0131yoruz&#8221; dedi.<\/p>\n<p>20\u2019nci kez d\u00fczenlenen Denizli Tar\u0131m, Sera ve Hayvanc\u0131l\u0131k Fuar\u0131, EGS Park Fuar Alan\u0131\u2019nda a\u00e7\u0131ld\u0131. Fuarda a\u00e7\u0131klamalarda bulunan DTO Y\u00f6netim Kurulu Ba\u015fkan Yard\u0131mc\u0131s\u0131 Hasan Arac\u0131, Denizli\u2019nin 76 \u00fclkeye 70 \u00e7e\u015fit tar\u0131m \u00fcr\u00fcn\u00fc ihra\u00e7 etti\u011fini belirtti. Ayn\u0131 zamanda konu\u015fmalar\u0131n\u0131 devam eden Arac\u0131, &#8220;Odam\u0131zla 94 firmam\u0131z fuarda stant a\u00e7arak sekt\u00f6r\u00fcm\u00fcze ve ekonomimize katk\u0131 sa\u011flad\u0131. \u00dcretimin y\u0131lmaz neferleri, Denizli\u2019de boy g\u00f6sterdi. Ege Tar\u0131m Fuar\u0131, \u00fcreticilerimizi ayn\u0131 alanda bulu\u015fturdu. Firmalar\u0131m\u0131z da \u00fcr\u00fcnlerini binlerce ziyaret\u00e7inin be\u011fenisine sunma imk\u00e2n\u0131 buldu&#8221; dedi.<\/p>\n<p>19-23 \u015eubat aras\u0131nda ziyaret edilebilecek fuar\u0131n a\u00e7\u0131l\u0131\u015f\u0131na, Denizli Valisi \u00d6mer Faruk Co\u015fkun, Denizli B\u00fcy\u00fck\u015fehir Belediye Ba\u015fkan\u0131 B\u00fclent Nuri \u00c7avu\u015fo\u011flu, Merkezefendi Kaymakam\u0131 Abdullah Demir, Beya\u011fa\u00e7 Belediye Ba\u015fkan\u0131 Sezayi P\u00fct\u00fcn, DTO Y\u00f6netim Kurulu Ba\u015fkan Yard\u0131mc\u0131s\u0131 Hasan Arac\u0131, Denizli \u0130l Tar\u0131m ve Orman M\u00fcd\u00fcr Yard\u0131mc\u0131lar\u0131 \u015eehla Akp\u0131nar ve Mehmet Atmacao\u011flu, DTO Y\u00f6netim Kurulu \u00dcyesi Ali \u00d6nal, DTO Meclis \u00dcyesi \u00d6zt\u00fcrk Ta\u015ftan, DTO 6\u2019nc\u0131 Meslek Komitesi \u00dcyesi i\u015f insan\u0131 Mehmet Hulusi Ay ve DTO Genel Sekreteri Ali R\u0131za Tekin kat\u0131ld\u0131.<\/p>\n<p>&#8220;Denizli, 76 \u00fclkeye 70 \u00e7e\u015fit tar\u0131m \u00fcr\u00fcn\u00fc ihra\u00e7 ediyor&#8221;<br \/>\n<br \/>T\u00f6rende konu\u015fan Arac\u0131, Denizli\u2019nin tar\u0131msal varl\u0131\u011f\u0131n\u0131n \u00f6nemini bildi\u011fini ve iyi de\u011ferlendirdi\u011fini s\u00f6yledi. Arac\u0131, &#8220;Sekt\u00f6rden biri olarak bug\u00fcn aran\u0131zda bulunmak benim i\u00e7in b\u00fcy\u00fck bir mutluluk kayna\u011f\u0131d\u0131r. Denizli Ticaret Odam\u0131zdaki \u00f6nceliklerimizin ba\u015f\u0131nda \u00fcreticilerimiz ve fuarlar\u0131m\u0131z\u0131n say\u0131s\u0131n\u0131 art\u0131rmak geliyor; bunun i\u00e7in, g\u00f6reve geldi\u011fimiz g\u00fcnden bu yana b\u00fcy\u00fck \u00e7aba g\u00f6stermekteyiz. Ayr\u0131ca bu y\u00f6ndeki giri\u015fimlere de her t\u00fcrl\u00fc deste\u011fi sa\u011fl\u0131yoruz. Denizli\u2019mizi, b\u00f6lgesel bir fuar merkezi haline getirmeye de \u00e7al\u0131\u015f\u0131yoruz. \u015eehrimizdeki fuar say\u0131s\u0131n\u0131 da \u00fcyelerimizin kat\u0131ld\u0131klar\u0131 fuarlar\u0131n say\u0131s\u0131n\u0131 da k\u0131sa zamanda birka\u00e7 art\u0131rmay\u0131 ba\u015fard\u0131k. Daha da art\u0131rmak i\u00e7in de b\u00fcy\u00fck gayret g\u00f6steriyoruz. Denizli\u2019den 76 \u00fclkeye, 70 \u00e7e\u015fit tar\u0131m \u00fcr\u00fcn\u00fc ihra\u00e7 ediyoruz. 103 tane su \u00fcr\u00fcnleri tesisimiz var ve denizi olmay\u0131p da denizi bulunan \u00fclkelere bal\u0131k ihra\u00e7 eden bir \u015fehir olmakla da gurur duyuyoruz. Denizlili yat\u0131r\u0131mc\u0131lar\u0131m\u0131z, bu alanda da \u00f6rnek m\u00fcte\u015febbis ruhunun hakk\u0131n\u0131 vermi\u015ftir. Denizli\u2019miz ayn\u0131 zamanda kekik ve leblebi gibi baz\u0131 \u00fcr\u00fcnlerde \u00fclkemizin ihtiyac\u0131n\u0131n da neredeyse tamam\u0131n\u0131 kar\u015f\u0131lamaktad\u0131r. Ege B\u00f6lgesi\u2019nde, tar\u0131m\u0131n merkeziyiz! Tar\u0131mdan elde etti\u011fimiz gayrisafi gelirimiz, son 20 y\u0131lda 45 kat artt\u0131. Bu ba\u015far\u0131da eme\u011fi bulunan, katk\u0131 sa\u011flayan herkesi kutluyor ve te\u015fekk\u00fcr ediyoruz&#8221; ifadelerini kulland\u0131.<\/p>\n<p>&#8220;T\u00fcrkiye\u2019miz, \u00e7ift\u00e7ilerin \u00fclkesidir&#8221;<br \/>\n<br \/>DTO\u2019ya \u00fcye olan 94 firman\u0131n fuarda stant a\u00e7t\u0131\u011f\u0131n\u0131 ve fuar\u0131n hay\u0131rl\u0131, u\u011furlu olmas\u0131n\u0131 dileyen Arac\u0131, &#8220;Kat\u0131l\u0131mc\u0131lar\u0131m\u0131z ile \u00fcyelerimize, yo\u011fun ilgilerinden dolay\u0131 te\u015fekk\u00fcr ediyoruz. Bu y\u0131l da her \u015feye ra\u011fmen kat\u0131l\u0131mc\u0131 firma say\u0131s\u0131 ge\u00e7en y\u0131l\u0131n alt\u0131nda kalmad\u0131. Odam\u0131zla 94 firmam\u0131z fuarda stant a\u00e7arak sekt\u00f6r\u00fcm\u00fcze ve ekonomimize katk\u0131 sa\u011flad\u0131. \u00dcretimin y\u0131lmaz neferleri, Denizli\u2019de boy g\u00f6sterdi. Ege Tar\u0131m Fuar\u0131, \u00fcreticilerimizi ayn\u0131 alanda bulu\u015fturdu. Firmalar\u0131m\u0131z da \u00fcr\u00fcnlerini binlerce ziyaret\u00e7inin be\u011fenisine sunma imk\u00e2n\u0131 buldu. Fuar\u0131m\u0131za kat\u0131l\u0131mlar\u0131 ile bizlere olan ilgi ve g\u00fcvenlerini g\u00f6steren \u00fcyelerimize, te\u015fekk\u00fcr ediyoruz. Siz neredeyseniz biz de her daim oraday\u0131z. \u015eehrimize ve sekt\u00f6rlerimize de\u011fer katan i\u015f birli\u011fimiz ile \u00e7al\u0131\u015fmalar\u0131m\u0131z\u0131n, artarak kesintisiz s\u00fcrmesini diliyoruz. Gazi Mustafa Kemal Atat\u00fcrk\u2019\u00fcn de dedi\u011fi gibi \u2018Memleketimiz, \u015fu iki \u015feyin memleketidir: Biri \u00e7ift\u00e7i, di\u011feri asker. Biz \u00e7ok iyi \u00e7ift\u00e7i ve \u00e7ok iyi asker yeti\u015ftiren bir milletiz\u2019 Bunun k\u0131ymetini bilmeliyiz&#8221; dedi.<\/p>\n<p>Yap\u0131lan konu\u015fmalar\u0131n sonras\u0131nda t\u00f6rene kat\u0131lan protokol \u00fcyeleri, Denizli Tar\u0131m, Sera ve Hayvanc\u0131l\u0131k Fuar\u0131n\u0131n a\u00e7\u0131l\u0131\u015f kurdelesini keserek kat\u0131l\u0131mc\u0131lar\u0131 stantlar\u0131nda ziyaret etti ve i\u015fleri hakk\u0131nda bilgi ald\u0131; organizasyonun herkes i\u00e7in hay\u0131rl\u0131 ve u\u011furlu olmas\u0131n\u0131 diledi. Firmalar, konuklar\u0131na b\u00fcy\u00fck ilgi g\u00f6sterdi.<br \/><\/p>\n","protected":false},"excerpt":{"rendered":"<p>Denizli Ticaret Odas\u0131 (DTO) Ba\u015fkan Yard\u0131mc\u0131s\u0131 Hasan Arac\u0131, Denizli\u2019yi, b\u00f6lgesel bir fuar merkezi haline getirmeye \u00e7al\u0131\u015ft\u0131klar\u0131na dikkat \u00e7ekerek, &#8220;23 bine yak\u0131n \u00fcyesi ile \u015fehrin en b\u00fcy\u00fck ve en etkin sivil toplum kurulu\u015fu olan Denizli Ticaret Odam\u0131zdaki \u00f6nceliklerimizin ba\u015f\u0131nda fuarlar\u0131m\u0131z\u0131n say\u0131s\u0131n\u0131 art\u0131rmak geliyor; bunun i\u00e7in, g\u00f6reve geldi\u011fimiz g\u00fcnden bu yana b\u00fcy\u00fck \u00e7aba g\u00f6stermekteyiz. Bu y\u00f6ndeki giri\u015fimlere&#8230;<\/p>\n","protected":false},"author":1,"featured_media":21045,"comment_status":"open","ping_status":"open","sticky":false,"template":"","format":"standard","meta":{"_crdt_document":"","footnotes":""},"categories":[125],"tags":[],"class_list":["post-21044","post","type-post","status-publish","format-standard","has-post-thumbnail","hentry","category-ekonomi"],"_links":{"self":[{"href":"https:\/\/www.egemtv.com\/index.php?rest_route=\/wp\/v2\/posts\/21044","targetHints":{"allow":["GET"]}}],"collection":[{"href":"https:\/\/www.egemtv.com\/index.php?rest_route=\/wp\/v2\/posts"}],"about":[{"href":"https:\/\/www.egemtv.com\/index.php?rest_route=\/wp\/v2\/types\/post"}],"author":[{"embeddable":true,"href":"https:\/\/www.egemtv.com\/index.php?rest_route=\/wp\/v2\/users\/1"}],"replies":[{"embeddable":true,"href":"https:\/\/www.egemtv.com\/index.php?rest_route=%2Fwp%2Fv2%2Fcomments&post=21044"}],"version-history":[{"count":1,"href":"https:\/\/www.egemtv.com\/index.php?rest_route=\/wp\/v2\/posts\/21044\/revisions"}],"predecessor-version":[{"id":21046,"href":"https:\/\/www.egemtv.com\/index.php?rest_route=\/wp\/v2\/posts\/21044\/revisions\/21046"}],"wp:featuredmedia":[{"embeddable":true,"href":"https:\/\/www.egemtv.com\/index.php?rest_route=\/wp\/v2\/media\/21045"}],"wp:attachment":[{"href":"https:\/\/www.egemtv.com\/index.php?rest_route=%2Fwp%2Fv2%2Fmedia&parent=21044"}],"wp:term":[{"taxonomy":"category","embeddable":true,"href":"https:\/\/www.egemtv.com\/index.php?rest_route=%2Fwp%2Fv2%2Fcategories&post=21044"},{"taxonomy":"post_tag","embeddable":true,"href":"https:\/\/www.egemtv.com\/index.php?rest_route=%2Fwp%2Fv2%2Ftags&post=21044"}],"curies":[{"name":"wp","href":"https:\/\/api.w.org\/{rel}","templated":true}]}}