{"id":21041,"date":"2025-02-20T16:50:11","date_gmt":"2025-02-20T13:50:11","guid":{"rendered":"https:\/\/www.egemtv.com\/?p=21041"},"modified":"2025-02-20T16:50:17","modified_gmt":"2025-02-20T13:50:17","slug":"denizli-osbde-mutlu-calisan-egitimi-duzenlendi","status":"publish","type":"post","link":"https:\/\/www.egemtv.com\/?p=21041","title":{"rendered":"Denizli OSB\u2019de \u2018Mutlu \u00c7al\u0131\u015fan\u2019 e\u011fitimi d\u00fczenlendi"},"content":{"rendered":"<p>Denizli Organize Sanayi B\u00f6lgesi M\u00fcd\u00fcrl\u00fc\u011f\u00fc, yap\u0131lan e\u011fitimler ile birlikte ba\u015flat\u0131lan \u2018Geli\u015fim ve De\u011fi\u015fim Projesi\u2019 \u00e7er\u00e7evesinde d\u00fczenlenen e\u011fitim dizisinin ilki olan \u2018Mutlu \u00c7al\u0131\u015fan\u2019 e\u011fitimi ger\u00e7ekle\u015ftirildi.<\/p>\n<p>Denizli Organize Sanayi B\u00f6lgesi M\u00fcd\u00fcrl\u00fc\u011f\u00fc Konferans Salonu\u2019nda d\u00fczenlenen e\u011fitime B\u00f6lge sanayicileri, firma yetkilileri ve personelleri kat\u0131ld\u0131. Dan\u0131\u015fmanl\u0131k e\u011fitimi veren Yelda Yolay\u2019\u0131n sunumuyla ger\u00e7ekle\u015fen e\u011fitimde kat\u0131l\u0131mc\u0131lara; bireysel ve \u00e7evre ile ileti\u015fimin \u00f6nemi ile dikkat edilmesi gereken hususlar, s\u00fcrd\u00fcr\u00fclebilirlikte insan fakt\u00f6r\u00fc, denge kavram\u0131n\u0131n i\u015f ve sosyal ya\u015fama uyarlanmas\u0131 gibi konularda \u00f6nemli bilgiler payla\u015f\u0131ld\u0131. Kat\u0131l\u0131mc\u0131lar interaktif \u015fekilde dahil olduklar\u0131 e\u011fitimde merak ettikleri sorular\u0131 sorma imkan\u0131 da buldu.<br \/><\/p>\n","protected":false},"excerpt":{"rendered":"<p>Denizli Organize Sanayi B\u00f6lgesi M\u00fcd\u00fcrl\u00fc\u011f\u00fc, yap\u0131lan e\u011fitimler ile birlikte ba\u015flat\u0131lan \u2018Geli\u015fim ve De\u011fi\u015fim Projesi\u2019 \u00e7er\u00e7evesinde d\u00fczenlenen e\u011fitim dizisinin ilki olan \u2018Mutlu \u00c7al\u0131\u015fan\u2019 e\u011fitimi ger\u00e7ekle\u015ftirildi. Denizli Organize Sanayi B\u00f6lgesi M\u00fcd\u00fcrl\u00fc\u011f\u00fc Konferans Salonu\u2019nda d\u00fczenlenen e\u011fitime B\u00f6lge sanayicileri, firma yetkilileri ve personelleri kat\u0131ld\u0131. Dan\u0131\u015fmanl\u0131k e\u011fitimi veren Yelda Yolay\u2019\u0131n sunumuyla ger\u00e7ekle\u015fen e\u011fitimde kat\u0131l\u0131mc\u0131lara; bireysel ve \u00e7evre ile ileti\u015fimin \u00f6nemi&#8230;<\/p>\n","protected":false},"author":1,"featured_media":21042,"comment_status":"open","ping_status":"open","sticky":false,"template":"","format":"standard","meta":{"_crdt_document":"","footnotes":""},"categories":[1],"tags":[],"class_list":["post-21041","post","type-post","status-publish","format-standard","has-post-thumbnail","hentry","category-guncel"],"_links":{"self":[{"href":"https:\/\/www.egemtv.com\/index.php?rest_route=\/wp\/v2\/posts\/21041","targetHints":{"allow":["GET"]}}],"collection":[{"href":"https:\/\/www.egemtv.com\/index.php?rest_route=\/wp\/v2\/posts"}],"about":[{"href":"https:\/\/www.egemtv.com\/index.php?rest_route=\/wp\/v2\/types\/post"}],"author":[{"embeddable":true,"href":"https:\/\/www.egemtv.com\/index.php?rest_route=\/wp\/v2\/users\/1"}],"replies":[{"embeddable":true,"href":"https:\/\/www.egemtv.com\/index.php?rest_route=%2Fwp%2Fv2%2Fcomments&post=21041"}],"version-history":[{"count":1,"href":"https:\/\/www.egemtv.com\/index.php?rest_route=\/wp\/v2\/posts\/21041\/revisions"}],"predecessor-version":[{"id":21043,"href":"https:\/\/www.egemtv.com\/index.php?rest_route=\/wp\/v2\/posts\/21041\/revisions\/21043"}],"wp:featuredmedia":[{"embeddable":true,"href":"https:\/\/www.egemtv.com\/index.php?rest_route=\/wp\/v2\/media\/21042"}],"wp:attachment":[{"href":"https:\/\/www.egemtv.com\/index.php?rest_route=%2Fwp%2Fv2%2Fmedia&parent=21041"}],"wp:term":[{"taxonomy":"category","embeddable":true,"href":"https:\/\/www.egemtv.com\/index.php?rest_route=%2Fwp%2Fv2%2Fcategories&post=21041"},{"taxonomy":"post_tag","embeddable":true,"href":"https:\/\/www.egemtv.com\/index.php?rest_route=%2Fwp%2Fv2%2Ftags&post=21041"}],"curies":[{"name":"wp","href":"https:\/\/api.w.org\/{rel}","templated":true}]}}