{"id":21038,"date":"2025-02-20T16:50:04","date_gmt":"2025-02-20T13:50:04","guid":{"rendered":"https:\/\/www.egemtv.com\/?p=21038"},"modified":"2025-02-20T16:50:10","modified_gmt":"2025-02-20T13:50:10","slug":"dto-baskani-erdogan-ozbek-is-insanlari-ile-olan-ticari-iliskileri-gelistiriyor","status":"publish","type":"post","link":"https:\/\/www.egemtv.com\/?p=21038","title":{"rendered":"DTO Ba\u015fkan\u0131 Erdo\u011fan \u00d6zbek \u0130\u015f \u0130nsanlar\u0131 ile olan ticari ili\u015fkileri geli\u015ftiriyor"},"content":{"rendered":"<p>Denizli Ticaret Odas\u0131 (DTO) Ba\u015fkan\u0131 U\u011fur Erdo\u011fan, T\u00fcrk Devletleri Te\u015fkilat\u0131 (TDT) Aksakallar Heyeti Ba\u015fkan\u0131 Binali Y\u0131ld\u0131r\u0131m ile bir dizi temaslarda bulunmak \u00fczere gitti\u011fi yurt d\u0131\u015f\u0131 seyahatinde, \u00d6zbek i\u015f insanlar\u0131 ve yetkilileri ile g\u00f6r\u00fc\u015ft\u00fc. Denizli\u2019yi ve sekt\u00f6rlerini tan\u0131tt\u0131; ortak yat\u0131r\u0131m ve i\u015f birli\u011fi imkanlar\u0131n\u0131 anlatt\u0131. \u00d6zbek yat\u0131r\u0131mc\u0131lar\u0131 yerinde g\u00f6r\u00fcp incelemek \u00fczere \u015fehrimize davet etti.<\/p>\n<p>DTO Y\u00f6netim Kurulu Ba\u015fkan\u0131 U\u011fur Erdo\u011fan, T\u00fcrkiye Cumhuriyeti\u2019nin \u00d6nceki D\u00f6nem Ba\u015fbakanlar\u0131ndan TDT Aksakallar Heyeti Ba\u015fkan\u0131 Binali Y\u0131ld\u0131r\u0131m ile gitti\u011fi Kazakistan\u2019daki temaslar\u0131ndan sonra bir ba\u015fka dost \u00fclke \u00d6zbekistan\u2019a ge\u00e7ti. Kazakistan\u2019da Hoca Ahmet Yesevi Uluslararas\u0131 T\u00fcrk-Kazak \u00dcniversitesi Avrasya Ara\u015ft\u0131rma Enstit\u00fcs\u00fc\u2019n\u00fc ziyaretlerinin ard\u0131ndan \u00d6zbekistan Cumhurba\u015fkan\u0131 \u015eevket Mirziyoyev ile bir araya geldiler. Kazak idarecilerden olu\u015fan heyeti T\u00fcrkiye ve Denizli hakk\u0131nda ayr\u0131nt\u0131l\u0131 bilgilendirdiler; T\u00fcrkiye ve i\u015f d\u00fcnyas\u0131 olarak ba\u015fta ticaret olmak \u00fczere her alanda i\u015f birli\u011finin art\u0131r\u0131lmas\u0131 i\u00e7in imkanlar\u0131n\u0131 seferber etmeye haz\u0131r olduklar\u0131n\u0131 ilettiler. Bu arada T\u00fcrk D\u00fcnyas\u0131 M\u00fchendisler ve Mimarlar Birli\u011fi taraf\u0131ndan ger\u00e7ekle\u015ftirilen Yat\u0131r\u0131m ve \u0130\u015f Geli\u015ftirme Program\u0131 T\u00fcrk D\u00fcnyas\u0131 \u015eehircilik Kurultay\u0131\u2019n\u0131n (TD\u015eK) a\u00e7\u0131l\u0131\u015f\u0131na kat\u0131ld\u0131lar. T\u00fcrk d\u00fcnyas\u0131ndaki ekonomik entegrasyonu g\u00fc\u00e7lendirmeyi ama\u00e7layan kurultayda, \u015fehircilik ve in\u015faat sekt\u00f6r\u00fcndeki i\u015f birli\u011fini art\u0131rman\u0131n yollar\u0131 da arand\u0131. TDT \u00fcyesi \u00fclkelerden bakan ve milletvekili d\u00fczeyinde \u00e7ok say\u0131da yetkili ile akademisyen, m\u00fchendis ve mimar\u0131n kat\u0131ld\u0131\u011f\u0131 kurultay\u0131n konu\u015fmac\u0131lar\u0131 aras\u0131nda TDT Aksakallar Heyeti Ba\u015fkan\u0131 Y\u0131ld\u0131r\u0131m da yer ald\u0131. \u00d6zbekistan \u0130n\u015faat Bakan\u0131 \u015eerzad Hidayatov, milletvekilleri Osman Mesten ve \u0130lyas Topsakal, T\u00fcrk D\u00fcnyas\u0131 M\u00fchendisler ve Mimarlar Birli\u011fi Genel Ba\u015fkan\u0131 \u0130lyas Demirci, Semerkant Valisi Adiz Babayev ve Semerkant Ba\u015fkonsolosu Salih Caner de birer konu\u015fma yapt\u0131. Sonras\u0131nda da \u00e7evre koruma, ye\u015fil ekonomi, Semerkand, T\u00fcrk d\u00fcnyas\u0131nda \u015fehircilik, turizm ve k\u00fclt\u00fcrel miras, k\u00fcresel iklim de\u011fi\u015fikli\u011fi konular\u0131nda oturumlar d\u00fczenlendi ve kat\u0131l\u0131mc\u0131 \u015firketler ile konuk yetkililer aras\u0131nda i\u015f g\u00f6r\u00fc\u015fmeleri oldu.<\/p>\n<p>Ziyarette \u00d6zbekistan \u0130n\u015faat ve Kamu Hizmetleri Bakan\u0131 ve Semerkand Valisi ile de bir araya gelen DTO Y\u00f6netim Kurulu Ba\u015fkan\u0131 U\u011fur Erdo\u011fan, T\u00fcrk d\u00fcnyas\u0131n\u0131 bulu\u015fturan etkinlikle ilgili olarak; &#8220;Olduk\u00e7a verimli ge\u00e7ti. T\u00fcrkiye\u2019den gelen yat\u0131r\u0131mc\u0131 \u015firketlerimize, \u00d6zbekistan\u2019daki \u015firketlerle ikili g\u00f6r\u00fc\u015fmeler yapmalar\u0131 i\u00e7in de f\u0131rsat tan\u0131nd\u0131. Te\u015fkilat\u0131m\u0131z\u0131n ve birli\u011fimizin daha da g\u00fc\u00e7lenmesine vesile olmas\u0131n\u0131 diliyoruz. T\u00fcrkiye Y\u00fczy\u0131l\u0131, T\u00fcrkler\u2019in de y\u00fczy\u0131l\u0131 olacakt\u0131r G\u00f6n\u00fcl co\u011frafyam\u0131z yeniden yap\u0131lan\u0131yor; birbirine ba\u011flan\u0131yor ve yak\u0131nla\u015f\u0131yor. T\u00fcm T\u00fcrkler, birlikte kalk\u0131n\u0131yorlar. El birli\u011fi ile, dost ve karde\u015f \u00fclkelerimizin yer ald\u0131\u011f\u0131 T\u00fcrk d\u00fcnyas\u0131n\u0131n \u015fehirlerini de ayn\u0131 h\u0131zla i\u00e7inde bulundu\u011fumuz \u00e7a\u011fa yak\u0131\u015f\u0131r bir \u015fekilde kalk\u0131nd\u0131raca\u011f\u0131z. \u00d6nceki D\u00f6nem Ba\u015fbakanlar\u0131m\u0131zdan Say\u0131n Binali Y\u0131ld\u0131r\u0131m ile, \u00d6zbekistan\u2019\u0131n kadim \u015fehri Semerkand\u2019da, \u00fclkelerimiz aras\u0131ndaki i\u015f birli\u011fini art\u0131rmak i\u00e7in baz\u0131 temaslarda bulunduk. \u00d6zbekistan \u0130n\u015faat ve Kamu Hizmetleri Bakan\u0131 Say\u0131n \u015eerzod Hidoyatov ile Semerkand Valisi Say\u0131n Adiz Boboyev\u2019e Ege\u2019nin ticaret merkezi, ihracat ve sanayi \u015fehri Denizli\u2019mizi tan\u0131tt\u0131k; i\u015f birli\u011fi ve yat\u0131r\u0131m imkanlar\u0131m\u0131z\u0131 anlatt\u0131k. \u00d6zbek giri\u015fimciler ile yat\u0131r\u0131mc\u0131lar\u0131, \u015fehrimizdeki imk\u00e2nlar\u0131 yerinde g\u00f6rmeye ve incelemeye \u00e7a\u011f\u0131rd\u0131k; ikili g\u00f6r\u00fc\u015fmeler ile temaslarda bulunmaya davet ettik. \u00c7ok da iyi kar\u015f\u0131land\u0131k ve a\u011f\u0131rland\u0131k. Yak\u0131n ilgi ve misafirperverlikleri i\u00e7in \u00d6zbekistan \u0130n\u015faat ve Kamu Hizmetleri Bakan\u0131 Say\u0131n \u015eerzod Hidoyatov ile Semerkand Valisi Say\u0131n Adiz Boboyev\u2019e m\u00fcte\u015fekkiriz. En k\u0131sa zamanda kendilerini de \u00fclkemizde ve Ege B\u00f6lgesi\u2019nin en \u00e7al\u0131\u015fkan \u015fehri Denizli\u2019mizde g\u00f6rmek isteriz. Bunu talebimizi, davetimizi de kendilerine bizzat ilettik&#8221; dedi.<\/p>\n<p>Ba\u015fkan Erdo\u011fan, TDT Aksakallar Heyeti Ba\u015fkan\u0131 Y\u0131ld\u0131r\u0131m ile, ehli s\u00fcnnet yolunun mimarlar\u0131ndan olan b\u00fcy\u00fck \u0130slam Alimi \u0130m\u00e2m\u00fc\u2019l-h\u00fcda M\u00e2t\u00fcr\u00eed\u00ee\u2019nin Semerkand\u2019daki t\u00fcrbesini de ziyaret etti. Erdo\u011fan, ziyaretleriyle ilgili olarak &#8220;\u00dclkemiz ve T\u00fcrk co\u011frafyas\u0131ndaki birlik ve beraberli\u011fimizin daim olmas\u0131 i\u00e7in dua ettik; Allah kabul etsin. Yunus Emre\u2019nin de dedi\u011fi gibi biz \u015funa inan\u0131yoruz; \u2018Hakk\u2019\u0131 ger\u00e7ek sevenlere, c\u00fcmle alem karde\u015f gelir.\u2019 M\u00fcmin, m\u00fcminin karde\u015fidir. Dile\u011fimiz odur ki aziz T\u00fcrk devletleri ile \u2018Ne mutlu T\u00fcrk\u2019\u00fcm!\u2019 diyen herkes, ebediyen karde\u015f kals\u0131nlar&#8221; temennisinde bulundu.<br \/><\/p>\n","protected":false},"excerpt":{"rendered":"<p>Denizli Ticaret Odas\u0131 (DTO) Ba\u015fkan\u0131 U\u011fur Erdo\u011fan, T\u00fcrk Devletleri Te\u015fkilat\u0131 (TDT) Aksakallar Heyeti Ba\u015fkan\u0131 Binali Y\u0131ld\u0131r\u0131m ile bir dizi temaslarda bulunmak \u00fczere gitti\u011fi yurt d\u0131\u015f\u0131 seyahatinde, \u00d6zbek i\u015f insanlar\u0131 ve yetkilileri ile g\u00f6r\u00fc\u015ft\u00fc. Denizli\u2019yi ve sekt\u00f6rlerini tan\u0131tt\u0131; ortak yat\u0131r\u0131m ve i\u015f birli\u011fi imkanlar\u0131n\u0131 anlatt\u0131. \u00d6zbek yat\u0131r\u0131mc\u0131lar\u0131 yerinde g\u00f6r\u00fcp incelemek \u00fczere \u015fehrimize davet etti. DTO Y\u00f6netim&#8230;<\/p>\n","protected":false},"author":1,"featured_media":21039,"comment_status":"open","ping_status":"open","sticky":false,"template":"","format":"standard","meta":{"_crdt_document":"","footnotes":""},"categories":[125],"tags":[],"class_list":["post-21038","post","type-post","status-publish","format-standard","has-post-thumbnail","hentry","category-ekonomi"],"_links":{"self":[{"href":"https:\/\/www.egemtv.com\/index.php?rest_route=\/wp\/v2\/posts\/21038","targetHints":{"allow":["GET"]}}],"collection":[{"href":"https:\/\/www.egemtv.com\/index.php?rest_route=\/wp\/v2\/posts"}],"about":[{"href":"https:\/\/www.egemtv.com\/index.php?rest_route=\/wp\/v2\/types\/post"}],"author":[{"embeddable":true,"href":"https:\/\/www.egemtv.com\/index.php?rest_route=\/wp\/v2\/users\/1"}],"replies":[{"embeddable":true,"href":"https:\/\/www.egemtv.com\/index.php?rest_route=%2Fwp%2Fv2%2Fcomments&post=21038"}],"version-history":[{"count":1,"href":"https:\/\/www.egemtv.com\/index.php?rest_route=\/wp\/v2\/posts\/21038\/revisions"}],"predecessor-version":[{"id":21040,"href":"https:\/\/www.egemtv.com\/index.php?rest_route=\/wp\/v2\/posts\/21038\/revisions\/21040"}],"wp:featuredmedia":[{"embeddable":true,"href":"https:\/\/www.egemtv.com\/index.php?rest_route=\/wp\/v2\/media\/21039"}],"wp:attachment":[{"href":"https:\/\/www.egemtv.com\/index.php?rest_route=%2Fwp%2Fv2%2Fmedia&parent=21038"}],"wp:term":[{"taxonomy":"category","embeddable":true,"href":"https:\/\/www.egemtv.com\/index.php?rest_route=%2Fwp%2Fv2%2Fcategories&post=21038"},{"taxonomy":"post_tag","embeddable":true,"href":"https:\/\/www.egemtv.com\/index.php?rest_route=%2Fwp%2Fv2%2Ftags&post=21038"}],"curies":[{"name":"wp","href":"https:\/\/api.w.org\/{rel}","templated":true}]}}