{"id":21035,"date":"2025-02-20T16:44:25","date_gmt":"2025-02-20T13:44:25","guid":{"rendered":"https:\/\/www.egemtv.com\/?p=21035"},"modified":"2025-02-20T16:44:30","modified_gmt":"2025-02-20T13:44:30","slug":"acik-kapi-sube-mudurlugunden-ogrencilere-egitim","status":"publish","type":"post","link":"https:\/\/www.egemtv.com\/?p=21035","title":{"rendered":"A\u00e7\u0131k Kap\u0131 \u015eube M\u00fcd\u00fcrl\u00fc\u011f\u00fcnden \u00f6\u011frencilere e\u011fitim"},"content":{"rendered":"<p>Afyonkarahisar Valili\u011fi A\u00e7\u0131k Kap\u0131 \u015eube M\u00fcd\u00fcrl\u00fc\u011f\u00fc sosyal projelerine ve vatanda\u015flar\u0131 bilgilendirmeye y\u00f6nelik e\u011fitim faaliyetlerine devam ediyor.<br \/>\n<br \/>Bu kapsamda Gen\u00e7lik ve Spor \u0130l M\u00fcd\u00fcrl\u00fc\u011f\u00fc, Aile ve Sosyal Hizmetler \u0130l M\u00fcd\u00fcrl\u00fc\u011f\u00fc ile \u0130\u015eKUR \u0130l M\u00fcd\u00fcrl\u00fc\u011f\u00fc i\u015f birli\u011finde Bac\u0131m Sultan K\u0131z \u00d6\u011frenci Yurdunda e\u011fitim program\u0131 ger\u00e7ekle\u015ftirildi.<br \/>\n<br \/>Aile ve Sosyal Hizmetler \u0130l M\u00fcd\u00fcrl\u00fc\u011f\u00fcnde g\u00f6revli psikolog taraf\u0131ndan \u00f6\u011frencilere &#8220;Gelecek Kayg\u0131s\u0131yla ba\u015f etme&#8221; konusunda seminer verilirken, \u0130\u015eKUR i\u015f ve meslek dan\u0131\u015fman\u0131 da \u00f6\u011frencilere kariyer planlamas\u0131, dikkat edilecek hususlar ve iyi bir CV haz\u0131rlama teknikleri konusunda bilgiler verdi.<br \/><\/p>\n","protected":false},"excerpt":{"rendered":"<p>Afyonkarahisar Valili\u011fi A\u00e7\u0131k Kap\u0131 \u015eube M\u00fcd\u00fcrl\u00fc\u011f\u00fc sosyal projelerine ve vatanda\u015flar\u0131 bilgilendirmeye y\u00f6nelik e\u011fitim faaliyetlerine devam ediyor. Bu kapsamda Gen\u00e7lik ve Spor \u0130l M\u00fcd\u00fcrl\u00fc\u011f\u00fc, Aile ve Sosyal Hizmetler \u0130l M\u00fcd\u00fcrl\u00fc\u011f\u00fc ile \u0130\u015eKUR \u0130l M\u00fcd\u00fcrl\u00fc\u011f\u00fc i\u015f birli\u011finde Bac\u0131m Sultan K\u0131z \u00d6\u011frenci Yurdunda e\u011fitim program\u0131 ger\u00e7ekle\u015ftirildi. Aile ve Sosyal Hizmetler \u0130l M\u00fcd\u00fcrl\u00fc\u011f\u00fcnde g\u00f6revli psikolog taraf\u0131ndan \u00f6\u011frencilere &#8220;Gelecek Kayg\u0131s\u0131yla&#8230;<\/p>\n","protected":false},"author":1,"featured_media":21036,"comment_status":"open","ping_status":"open","sticky":false,"template":"","format":"standard","meta":{"_crdt_document":"","footnotes":""},"categories":[1],"tags":[],"class_list":["post-21035","post","type-post","status-publish","format-standard","has-post-thumbnail","hentry","category-guncel"],"_links":{"self":[{"href":"https:\/\/www.egemtv.com\/index.php?rest_route=\/wp\/v2\/posts\/21035","targetHints":{"allow":["GET"]}}],"collection":[{"href":"https:\/\/www.egemtv.com\/index.php?rest_route=\/wp\/v2\/posts"}],"about":[{"href":"https:\/\/www.egemtv.com\/index.php?rest_route=\/wp\/v2\/types\/post"}],"author":[{"embeddable":true,"href":"https:\/\/www.egemtv.com\/index.php?rest_route=\/wp\/v2\/users\/1"}],"replies":[{"embeddable":true,"href":"https:\/\/www.egemtv.com\/index.php?rest_route=%2Fwp%2Fv2%2Fcomments&post=21035"}],"version-history":[{"count":1,"href":"https:\/\/www.egemtv.com\/index.php?rest_route=\/wp\/v2\/posts\/21035\/revisions"}],"predecessor-version":[{"id":21037,"href":"https:\/\/www.egemtv.com\/index.php?rest_route=\/wp\/v2\/posts\/21035\/revisions\/21037"}],"wp:featuredmedia":[{"embeddable":true,"href":"https:\/\/www.egemtv.com\/index.php?rest_route=\/wp\/v2\/media\/21036"}],"wp:attachment":[{"href":"https:\/\/www.egemtv.com\/index.php?rest_route=%2Fwp%2Fv2%2Fmedia&parent=21035"}],"wp:term":[{"taxonomy":"category","embeddable":true,"href":"https:\/\/www.egemtv.com\/index.php?rest_route=%2Fwp%2Fv2%2Fcategories&post=21035"},{"taxonomy":"post_tag","embeddable":true,"href":"https:\/\/www.egemtv.com\/index.php?rest_route=%2Fwp%2Fv2%2Ftags&post=21035"}],"curies":[{"name":"wp","href":"https:\/\/api.w.org\/{rel}","templated":true}]}}