{"id":21032,"date":"2025-02-20T16:44:19","date_gmt":"2025-02-20T13:44:19","guid":{"rendered":"https:\/\/www.egemtv.com\/?p=21032"},"modified":"2025-02-20T16:44:24","modified_gmt":"2025-02-20T13:44:24","slug":"izka-genel-sekreteri-yavuz-2050-yilinda-izmirin-nufusunun-5-6-milyon-seviyesine-ulasacagi-ongoruluyor","status":"publish","type":"post","link":"https:\/\/www.egemtv.com\/?p=21032","title":{"rendered":"\u0130ZKA Genel Sekreteri Yavuz, &#8220;2050 y\u0131l\u0131nda \u0130zmir\u2019in n\u00fcfusunun 5.6 milyon seviyesine ula\u015faca\u011f\u0131 \u00f6ng\u00f6r\u00fcl\u00fcyor&#8221;"},"content":{"rendered":"<p>\u0130zmir B\u00f6lge Plan\u0131 Tan\u0131t\u0131m Toplant\u0131s\u0131\u2019nda \u0130zmir\u2019in n\u00fcfusuna dair yap\u0131lan \u00e7al\u0131\u015fma sonu\u00e7lar\u0131n\u0131 aktaran \u0130zmir Kalk\u0131nma Ajans\u0131 (\u0130ZKA) Genel Sekreteri Dr. Mehmet Yavuz, &#8220;\u0130zmir\u2019i kendi parametrelerine b\u0131rakt\u0131\u011f\u0131m\u0131zda 2030 y\u0131l\u0131ndan itibaren n\u00fcfusun azalmaya ba\u015flad\u0131\u011f\u0131n\u0131 g\u00f6r\u00fcyoruz. Hi\u00e7 g\u00f6\u00e7 almad\u0131\u011f\u0131m\u0131z senaryoda 2050 y\u0131l\u0131na geldi\u011fimizde \u0130zmir\u2019in n\u00fcfusunun azald\u0131\u011f\u0131n\u0131 ve 4.3 milyona d\u00fc\u015ft\u00fc\u011f\u00fcn\u00fc g\u00f6r\u00fcyoruz. Fakat biz g\u00f6\u00e7 alan bir kentiz ve bu g\u00f6\u00e7 devam edecek. 2050 y\u0131l\u0131na geldi\u011fimizde \u0130zmir\u2019in n\u00fcfusunun 5.6 milyon seviyesine ula\u015faca\u011f\u0131n\u0131 \u00f6ng\u00f6r\u00fcyoruz&#8221; dedi.<br \/>\n<br \/>\u0130zmir Kalk\u0131nma Ajans\u0131 taraf\u0131ndan, \u2018Ye\u015fil D\u00f6n\u00fc\u015f\u00fcme ve Mavi B\u00fcy\u00fcmeye \u00d6nc\u00fcl\u00fck Eden, Diren\u00e7li ve Canl\u0131 Bir Liman \u015eehri\u2019 vizyonu do\u011frultusunda \u2018\u0130zmir B\u00f6lge Plan\u0131 Tan\u0131t\u0131m Toplant\u0131s\u0131\u2019 ger\u00e7ekle\u015ftirildi. \u0130ktisat Kongresi Binas\u0131\u2019nda d\u00fczenlenen toplant\u0131da, \u0130zmir\u2019in \u2018n\u00fcfus projeksiyonlar\u0131, sekt\u00f6rel analizleri, kurumlar aras\u0131 e\u015f g\u00fcd\u00fcm s\u00fcre\u00e7leri, mavi ve ye\u015fil b\u00fcy\u00fcme politikalar\u0131, toplumsal diren\u00e7lilik ve mekansal geli\u015fim perspektifleri\u2019 ele al\u0131nd\u0131. Program, sayg\u0131 duru\u015funda bulunulmas\u0131 ve \u0130stiklal Mar\u015f\u0131\u2019n\u0131n okunmas\u0131yla ba\u015flad\u0131. Toplant\u0131n\u0131n a\u00e7\u0131l\u0131\u015f konu\u015fmas\u0131n\u0131 yapan \u0130zmir Valisi S\u00fcleyman Elban, &#8220;Yakla\u015f\u0131k 65 y\u0131ldan beri planl\u0131 kalk\u0131nma d\u00f6nemindeyiz. Ulusal d\u00fczeyde kalk\u0131nma planlar\u0131n\u0131 s\u00fcrekli yap\u0131yoruz. 2022\/7 say\u0131l\u0131 Cumhurba\u015fkanl\u0131\u011f\u0131 genelgesiyle de b\u00f6lge kalk\u0131nma planlar\u0131 haz\u0131rlanmas\u0131 beraberinde ve ilimizde kalk\u0131nma ajans\u0131m\u0131z\u0131n koordinat\u00f6rl\u00fc\u011f\u00fcnde, b\u00f6lge kalk\u0131nma plan\u0131 \u00e7al\u0131\u015fmalar\u0131 s\u00fcratli bir \u015fekilde ba\u015flad\u0131. T\u00fcm kamu kurum ve kurulu\u015flar\u0131m\u0131z, yerel y\u00f6netimlerimiz, STK\u2019lar\u0131m\u0131z, odalar\u0131m\u0131z, sekt\u00f6r temsilcileri, bilim insanlar\u0131 ve bu i\u015fle ilgili olarak uzmanl\u0131\u011f\u0131, bilgisi, fikri olan herkesin g\u00f6r\u00fc\u015f\u00fcne, uzmanl\u0131\u011f\u0131na, bilgisine m\u00fcracaat edilerek \u0130zmir\u2019imizin b\u00f6lgesel kalk\u0131nma plan\u0131 haz\u0131rland\u0131. 16 Aral\u0131k 2024 tarihinde Cumhurba\u015fkanl\u0131\u011f\u0131m\u0131z onay\u0131yla da y\u00fcr\u00fcrl\u00fc\u011fe girmi\u015f olduk&#8221; ifadelerine yer verdi.<br \/>\n<br \/>Do\u011fru kalk\u0131nmak, k\u0131t kaynaklar\u0131 verimli kullanmak, daha sonra kar\u015f\u0131la\u015f\u0131labilecek sorunlar\u0131 \u00f6ng\u00f6rmek, sorunlar\u0131 daha az kaynak ve emekle giderebilmek i\u00e7in plan yapmak zorunda olundu\u011funu belirten Vali Elban, &#8220;Bizim b\u00f6lge plan\u0131m\u0131z, ulusal kalk\u0131nma plan\u0131m\u0131z\u0131n alt\u0131nda di\u011fer b\u00f6lge planlar\u0131m\u0131za, \u00e7evre d\u00fczeni planlar\u0131m\u0131za, uygulama imar planlar\u0131m\u0131za ayn\u0131 zamanda kaynakl\u0131k te\u015fkil etmektedir. Bu plan sadece kalk\u0131nma de\u011fil ayn\u0131 zamanda kalk\u0131nman\u0131n altl\u0131\u011f\u0131n\u0131 olu\u015fturan alan planlamas\u0131na da y\u00f6n ve destek veren bir plan&#8221; a\u00e7\u0131klamalar\u0131na yer verdi.<br \/>\n<br \/>\u0130zmir B\u00f6lge Plan\u0131\u2019n\u0131n tan\u0131t\u0131m sunumunu yapan \u0130zmir Kalk\u0131nma Ajans\u0131 Genel Sekreteri Dr. Mehmet Yavuz da b\u00f6lge plan\u0131 haz\u0131rl\u0131k s\u00fcrecinden bahsetti. Ulusal kalk\u0131nma plan\u0131 kapsam\u0131nda 5 temel politikalar\u0131n\u0131n oldu\u011fundan bahseden Yavuz, \u015funlar\u0131 kaydetti:<br \/>\n<br \/>&#8220;Politika eksenlerinde, \u00fclkemizin geli\u015fimi i\u00e7in bir\u00e7ok politika \u00f6nceli\u011fine, stratejiye, tedbire yer veriliyor. \u00dclke olarak, b\u00f6lgeler aras\u0131 entegrasyonun g\u00fc\u00e7lendirilmesi ve rekabet edebildiklerimizin artt\u0131r\u0131lmas\u0131 gibi hedeflerimiz var. Ankara, Antalya ve \u0130zmir potansiyel k\u00fcresel il olarak konumland\u0131r\u0131lm\u0131\u015f durumda. B\u00f6lgesel geli\u015fme ulusal stratejisinin haz\u0131rlanmas\u0131 g\u00f6revi Sanayi ve Teknoloji Bakanl\u0131\u011f\u0131na, b\u00f6lge planlar\u0131n\u0131n haz\u0131rlanmas\u0131 g\u00f6revi ise kalk\u0131nma ajanslar\u0131n\u0131n verildi.&#8221;<\/p>\n<p>&#8220;2050 y\u0131l\u0131nda \u0130zmir\u2019in n\u00fcfusunun azald\u0131\u011f\u0131 g\u00f6r\u00fcl\u00fcyor&#8221;<br \/>\n<br \/>\u0130zmir\u2019in g\u00f6\u00e7le b\u00fcy\u00fcyen bir kent oldu\u011funu aktaran Yavuz, &#8220;\u0130zmir\u2019i kendi parametrelerine b\u0131rakt\u0131\u011f\u0131m\u0131zda 2030 y\u0131l\u0131ndan itibaren n\u00fcfusun azalmaya ba\u015flad\u0131\u011f\u0131n\u0131 g\u00f6r\u00fcyoruz. Hi\u00e7 g\u00f6\u00e7 almad\u0131\u011f\u0131m\u0131z senaryoda 2050 y\u0131l\u0131na geldi\u011fimizde \u0130zmir\u2019in n\u00fcfusunun azald\u0131\u011f\u0131n\u0131 ve 4.3 milyona d\u00fc\u015ft\u00fc\u011f\u00fcn\u00fc g\u00f6r\u00fcyoruz. Fakat biz g\u00f6\u00e7 alan bir kentiz ve bu g\u00f6\u00e7 devam edecek. 2050 y\u0131l\u0131na geldi\u011fimizde \u0130zmir\u2019in n\u00fcfusunun 5.6 milyon seviyesine ula\u015faca\u011f\u0131n\u0131 \u00f6ng\u00f6r\u00fcyoruz. \u00d6zellikle n\u00fcfusumuzun ya\u015fland\u0131\u011f\u0131n\u0131 g\u00f6rmekteyiz. \u015eu an toplam n\u00fcfus i\u00e7erisinde y\u00fczde 12 olan 65 ya\u015f ve \u00fcst\u00fc n\u00fcfusun 2050\u2019de \u0130zmir\u2019de ya\u015fayan her 4 ki\u015fiden birinin 65 ya\u015f ve \u00fcst\u00fc olaca\u011f\u0131n\u0131 \u00f6ng\u00f6r\u00fcyoruz. N\u00fcfus y\u00fczde 37 oran\u0131nda artarken, hane halk\u0131 say\u0131s\u0131ndaki art\u0131\u015f\u0131n y\u00fczde 73 olaca\u011f\u0131n\u0131 \u00f6ng\u00f6r\u00fcyoruz. Bu da yakla\u015f\u0131k 1 milyon yeni hanenin kente eklenmesi demek&#8221; diye vurgulad\u0131.<\/p>\n<p>&#8220;Y\u00fczde 81.2 oran\u0131nda ki\u015fi kendini \u0130zmirli olarak tan\u0131mlad\u0131&#8221;<br \/>\n<br \/>Bir di\u011fer \u00f6nemli b\u00f6lgesel analiz \u00e7al\u0131\u015fmas\u0131n\u0131n \u2018\u0130zmir\u2019de ya\u015fam ve \u0130zmirlilik\u2019 ara\u015ft\u0131rmas\u0131 oldu\u011funu ifade eden Yavuz, &#8220;Burada 26 bin 800\u2019\u00fc a\u015fan vatanda\u015f\u0131m\u0131za ula\u015ft\u0131k. \u2018Kendinizi \u0130zmirli olarak tan\u0131mlar m\u0131s\u0131n\u0131z?\u2019 sorusuna y\u00fczde 81.2\u2019si kendini \u0130zmirli olarak tan\u0131mlad\u0131. \u00c7ok b\u00fcy\u00fck bir oran bunun sebebinin \u0130zmir\u2019de ya\u015famaktan \u00f6t\u00fcr\u00fc oldu\u011funu s\u00f6yledi. \u0130zmir\u2019in di\u011fer b\u00fct\u00fcn parametreleri d\u0131\u015f\u0131nda sosyo-k\u00fclt\u00fcrel a\u00e7\u0131dan da buraya gelen insanlar\u0131n birbirini \u0130zmirlile\u015ftirme gibi bir \u00fcst\u00fcnl\u00fc\u011f\u00fc oldu\u011funu de\u011ferlendirdik&#8221; c\u00fcmlelerini aktard\u0131.<\/p>\n<p>\u2018\u0130mar ve kentle\u015fme, altyap\u0131, ula\u015f\u0131m\u2019 kelimeleri \u00f6ne \u00e7\u0131k\u0131yor<br \/>\n<br \/>\u2018\u0130zmir denilince ilk akla gelen kelimelerin\u2019 kelime bulutu analizini payla\u015fan Yavuz, \u2018\u0130zmir\u2019in en acil \u00e7\u00f6z\u00fcm \u00fcretilmesi gereken sorunu ne?\u2019 diye sordu\u011fumuz soruda ise \u2018ula\u015f\u0131m, imar ve kentle\u015fme, altyap\u0131\u2019 en dikkat \u00e7ekici sorun ba\u015fl\u0131klar\u0131 olarak kar\u015f\u0131m\u0131za \u00e7\u0131k\u0131yor&#8221; ifadelerini vurgulad\u0131.<\/p>\n<p>&#8220;\u0130zmir bir liman kenti&#8221;<br \/>\n<br \/>&#8220;Ye\u015fil eksen alt\u0131nda ba\u015fta tar\u0131m ve sanayi faaliyetleri olmak \u00fczere, daha \u00e7evirici yap\u0131lmas\u0131n\u0131, ye\u015fil d\u00f6n\u00fc\u015f\u00fcm\u00fcn ger\u00e7ekle\u015ftirilmesini hedefleyen bir\u00e7ok politika \u00f6nc\u00fcl\u00fc\u011f\u00fcne ve tedbire yer verdik&#8221; diyen Yavuz, s\u00f6zlerine \u015funlar\u0131 ekledi:<br \/>\n<br \/>&#8220;\u0130zmir bir liman kenti. \u0130zmir\u2019in T\u00fcrkiye ekonomisine en fazla katk\u0131 sa\u011flad\u0131\u011f\u0131 sekt\u00f6r\u00fcn liman ve limanla ba\u011flant\u0131l\u0131 sekt\u00f6rler oldu\u011fu ortaya \u00e7\u0131k\u0131yor. Bu y\u00fczden denizin bize s\u00fcrd\u00fc\u011f\u00fc imkanlar \u00e7er\u00e7evesinde, s\u00fcrd\u00fcr\u00fclebilirlik kapsam\u0131nda bu f\u0131rsatlar\u0131n kullan\u0131lmas\u0131n\u0131 \u00f6nemli g\u00f6r\u00fcyoruz. Mavi eksen \u00e7er\u00e7evesinde \u00f6zellikle liman ve limanla ba\u011flant\u0131l\u0131 lojistik altyap\u0131n\u0131n geli\u015ftirilmesini ve su \u00fcr\u00fcnleri ba\u015fta olmak \u00fczere mavi b\u00fcy\u00fcmenin sundu\u011fu f\u0131rsatlardan yararlanmay\u0131 b\u00f6lgemiz a\u00e7\u0131s\u0131ndan \u00f6nemli g\u00f6r\u00fcyoruz. D\u00fcnyada ya\u015fanan de\u011fi\u015fim ve d\u00f6n\u00fc\u015f\u00fcme kar\u015f\u0131y\u0131z, bizim hem kurumsal hem de bireysel d\u00fczeyde bir de\u011fi\u015fime haz\u0131rlanmam\u0131z, adapte olmam\u0131z gerekiyor. Bir afet boyutu var. Bir de dijitalin getirdi\u011fi yeni meslekler var. bir\u00e7ok tedbir ile biz toplum ekseni alt\u0131nda de\u011ferlendirmeye \u00e7al\u0131\u015ft\u0131k.&#8221;<\/p>\n<p>\u2018Alt b\u00f6lge olu\u015fturulmal\u0131\u2019 \u00f6nerisi<br \/>\n<br \/>\u0130zmir\u2019in bir kent b\u00f6lge oldu\u011fundan bahseden Yavuz, &#8220;\u0130zmir\u2019in \u00f6zellikle yap\u0131lan \u00e7al\u0131\u015fmalarda, Ayd\u0131n ve Manisa ile benzer hizmetler i\u00e7erisinde oldu\u011funu g\u00f6r\u00fcyoruz. \u0130zmir\u2019in kent olarak k\u00f6rfezin etraf\u0131nda b\u00fcy\u00fcd\u00fc\u011f\u00fcn\u00fc g\u00f6r\u00fcyoruz. \u0130zmir art\u0131k kent merkezinde b\u00fcy\u00fcmenin s\u0131n\u0131rlar\u0131na dayanm\u0131\u015f vaziyette. Kaynaklar a\u00e7\u0131s\u0131ndan da durum b\u00f6yle. Kent merkezini daha fazla b\u00fcy\u00fctmenin beraberinde getirecek f\u0131rsat maliyetinin \u00e7ok y\u00fcksek oldu\u011funu s\u00f6ylememiz m\u00fcmk\u00fcn. Ta\u015fk\u0131nlar ve deniz y\u00fckselmesinin de de\u011ferlendirilmesi a\u00e7\u0131s\u0131ndan \u00f6nemli afet riskleri oldu\u011funu g\u00f6rmekteyiz. Art\u0131k kent merkezi \u00fczerindeki bask\u0131y\u0131 azaltmak ad\u0131na \u0130zmir\u2019in alt b\u00f6lge merkezleri olu\u015fturarak mek\u00e2nsal b\u00fcy\u00fcmesini \u00f6neriyoruz. Do\u011fu\u2019da Alia\u011fa merkezli bir alt b\u00f6lge, G\u00fcney\u2019de Torbal\u0131 merkezli bir alt b\u00f6lge ve Do\u011fu\u2019da Kemalpa\u015fa merkezli bir alt b\u00f6lge merkezinin olu\u015fmas\u0131n\u0131 ve b\u00f6ylece kent merkezi \u00fczerindeki bask\u0131n\u0131n hafifletilmesi g\u00f6r\u00fc\u015f\u00fcndeyiz&#8221; diye vurgulad\u0131.<br \/>\n<br \/>B\u00f6lge plan\u0131nda somut program ve proje \u00f6nerilerinden bahseden Yavuz, son olarak s\u00f6zlerine \u015funlar\u0131 ekledi:<br \/>\n<br \/>&#8220;\u0130zmir\u2019de sanayicilerimize rehberlik etmek amac\u0131yla kaynak verimlili\u011fi merkezi kurulabilir. Hidrojen alan\u0131 a\u00e7\u0131s\u0131ndan \u0130zmir \u00f6nem arz ediyor. Avrupa\u2019da kurulan bir hidrojen vadisinin \u0130zmir\u2019de de kurulmas\u0131 \u00f6nemli. Denizcilik alan\u0131nda bir ihtisas \u00fcniversitesi kurulabilir. \u00c7andarl\u0131 Liman\u0131\u2019n\u0131 bir temiz enerji ihtisas enerji b\u00f6lgesi olarak konumland\u0131r\u0131labilir. \u0130zmir\u2019in kent merkezinin yaz\u0131l\u0131m, grafik tasar\u0131m gibi yenilik\u00e7i end\u00fcstriler bir merkeze kavu\u015fmas\u0131 gerekti\u011fini d\u00fc\u015f\u00fcn\u00fcyoruz.&#8221;<br \/><\/p>\n","protected":false},"excerpt":{"rendered":"<p>\u0130zmir B\u00f6lge Plan\u0131 Tan\u0131t\u0131m Toplant\u0131s\u0131\u2019nda \u0130zmir\u2019in n\u00fcfusuna dair yap\u0131lan \u00e7al\u0131\u015fma sonu\u00e7lar\u0131n\u0131 aktaran \u0130zmir Kalk\u0131nma Ajans\u0131 (\u0130ZKA) Genel Sekreteri Dr. Mehmet Yavuz, &#8220;\u0130zmir\u2019i kendi parametrelerine b\u0131rakt\u0131\u011f\u0131m\u0131zda 2030 y\u0131l\u0131ndan itibaren n\u00fcfusun azalmaya ba\u015flad\u0131\u011f\u0131n\u0131 g\u00f6r\u00fcyoruz. Hi\u00e7 g\u00f6\u00e7 almad\u0131\u011f\u0131m\u0131z senaryoda 2050 y\u0131l\u0131na geldi\u011fimizde \u0130zmir\u2019in n\u00fcfusunun azald\u0131\u011f\u0131n\u0131 ve 4.3 milyona d\u00fc\u015ft\u00fc\u011f\u00fcn\u00fc g\u00f6r\u00fcyoruz. Fakat biz g\u00f6\u00e7 alan bir kentiz ve bu&#8230;<\/p>\n","protected":false},"author":1,"featured_media":21033,"comment_status":"open","ping_status":"open","sticky":false,"template":"","format":"standard","meta":{"_crdt_document":"","footnotes":""},"categories":[1],"tags":[],"class_list":["post-21032","post","type-post","status-publish","format-standard","has-post-thumbnail","hentry","category-guncel"],"_links":{"self":[{"href":"https:\/\/www.egemtv.com\/index.php?rest_route=\/wp\/v2\/posts\/21032","targetHints":{"allow":["GET"]}}],"collection":[{"href":"https:\/\/www.egemtv.com\/index.php?rest_route=\/wp\/v2\/posts"}],"about":[{"href":"https:\/\/www.egemtv.com\/index.php?rest_route=\/wp\/v2\/types\/post"}],"author":[{"embeddable":true,"href":"https:\/\/www.egemtv.com\/index.php?rest_route=\/wp\/v2\/users\/1"}],"replies":[{"embeddable":true,"href":"https:\/\/www.egemtv.com\/index.php?rest_route=%2Fwp%2Fv2%2Fcomments&post=21032"}],"version-history":[{"count":1,"href":"https:\/\/www.egemtv.com\/index.php?rest_route=\/wp\/v2\/posts\/21032\/revisions"}],"predecessor-version":[{"id":21034,"href":"https:\/\/www.egemtv.com\/index.php?rest_route=\/wp\/v2\/posts\/21032\/revisions\/21034"}],"wp:featuredmedia":[{"embeddable":true,"href":"https:\/\/www.egemtv.com\/index.php?rest_route=\/wp\/v2\/media\/21033"}],"wp:attachment":[{"href":"https:\/\/www.egemtv.com\/index.php?rest_route=%2Fwp%2Fv2%2Fmedia&parent=21032"}],"wp:term":[{"taxonomy":"category","embeddable":true,"href":"https:\/\/www.egemtv.com\/index.php?rest_route=%2Fwp%2Fv2%2Fcategories&post=21032"},{"taxonomy":"post_tag","embeddable":true,"href":"https:\/\/www.egemtv.com\/index.php?rest_route=%2Fwp%2Fv2%2Ftags&post=21032"}],"curies":[{"name":"wp","href":"https:\/\/api.w.org\/{rel}","templated":true}]}}