{"id":21023,"date":"2025-02-20T16:29:19","date_gmt":"2025-02-20T13:29:19","guid":{"rendered":"https:\/\/www.egemtv.com\/?p=21023"},"modified":"2025-02-20T16:29:25","modified_gmt":"2025-02-20T13:29:25","slug":"nazillide-universite-ogrencilerine-ilk-yardim-ve-afet-oncesi-hazirlik-egitimi","status":"publish","type":"post","link":"https:\/\/www.egemtv.com\/?p=21023","title":{"rendered":"Nazilli\u2019de \u00fcniversite \u00f6\u011frencilerine &#8220;\u0130lk Yard\u0131m ve Afet \u00d6ncesi Haz\u0131rl\u0131k&#8221; e\u011fitimi"},"content":{"rendered":"<p>Nazilli Sa\u011fl\u0131k Hizmetleri Meslek Y\u00fcksekokulu (MYO) Konferans Salonu\u2019nda Nazilli Belediyesi \u0130nsan Kaynaklar\u0131 ve E\u011fitim M\u00fcd\u00fcr\u00fc ve Nazilli Belediyesi Afet Acil Durum Ekibi Lideri Y\u0131ld\u0131ray Topalo\u011flu, Nazilli Belediyesi Afet Acil Durum Ekibi \u0130lk Yard\u0131m ve Afet Acil Durum E\u011fitmeni Uzay Tok taraf\u0131ndan akademik personel, idari personel ve \u00f6\u011frencilere y\u00f6nelik &#8220;\u0130lk Yard\u0131m ve Afet \u00d6ncesi Haz\u0131rl\u0131k&#8221; konular\u0131nda e\u011fitim verildi.<br \/>\n<br \/>E\u011fitimde, ilk yard\u0131m\u0131n temel kavramlar\u0131 aras\u0131nda yer alan Heimlich manevras\u0131, zehirlenmeler, yaralanmalar gibi konulara odaklan\u0131ld\u0131. Ayr\u0131ca, bay\u0131lma ve \u015fok pozisyonlar\u0131 gibi hayati \u00f6nemi olan durumlarda yap\u0131lmas\u0131 gereken m\u00fcdahaleler de kat\u0131l\u0131mc\u0131lara aktar\u0131ld\u0131.<br \/>\n<br \/>Afetlere y\u00f6nelik haz\u0131rl\u0131k konular\u0131nda ise acil durum \u00e7antas\u0131 haz\u0131rlanmas\u0131, risk analizi ve evlerde al\u0131nabilecek \u00f6nlemler gibi \u00f6nemli ba\u015fl\u0131klar \u00fczerinde durulan e\u011fitimde, afetlere m\u00fcdahale etme becerisinin yan\u0131 s\u0131ra, ki\u015filerin ve ailelerin g\u00fcvenli\u011fini art\u0131rmaya y\u00f6nelik pratik bilgiler de sunuldu.<br \/>\n<br \/>E\u011fitim, soru-cevap b\u00f6l\u00fcm\u00fcn\u00fcn ard\u0131ndan sona erdi.<br \/><\/p>\n","protected":false},"excerpt":{"rendered":"<p>Nazilli Sa\u011fl\u0131k Hizmetleri Meslek Y\u00fcksekokulu (MYO) Konferans Salonu\u2019nda Nazilli Belediyesi \u0130nsan Kaynaklar\u0131 ve E\u011fitim M\u00fcd\u00fcr\u00fc ve Nazilli Belediyesi Afet Acil Durum Ekibi Lideri Y\u0131ld\u0131ray Topalo\u011flu, Nazilli Belediyesi Afet Acil Durum Ekibi \u0130lk Yard\u0131m ve Afet Acil Durum E\u011fitmeni Uzay Tok taraf\u0131ndan akademik personel, idari personel ve \u00f6\u011frencilere y\u00f6nelik &#8220;\u0130lk Yard\u0131m ve Afet \u00d6ncesi Haz\u0131rl\u0131k&#8221; konular\u0131nda&#8230;<\/p>\n","protected":false},"author":1,"featured_media":21024,"comment_status":"open","ping_status":"open","sticky":false,"template":"","format":"standard","meta":{"_crdt_document":"","footnotes":""},"categories":[1],"tags":[],"class_list":["post-21023","post","type-post","status-publish","format-standard","has-post-thumbnail","hentry","category-guncel"],"_links":{"self":[{"href":"https:\/\/www.egemtv.com\/index.php?rest_route=\/wp\/v2\/posts\/21023","targetHints":{"allow":["GET"]}}],"collection":[{"href":"https:\/\/www.egemtv.com\/index.php?rest_route=\/wp\/v2\/posts"}],"about":[{"href":"https:\/\/www.egemtv.com\/index.php?rest_route=\/wp\/v2\/types\/post"}],"author":[{"embeddable":true,"href":"https:\/\/www.egemtv.com\/index.php?rest_route=\/wp\/v2\/users\/1"}],"replies":[{"embeddable":true,"href":"https:\/\/www.egemtv.com\/index.php?rest_route=%2Fwp%2Fv2%2Fcomments&post=21023"}],"version-history":[{"count":1,"href":"https:\/\/www.egemtv.com\/index.php?rest_route=\/wp\/v2\/posts\/21023\/revisions"}],"predecessor-version":[{"id":21025,"href":"https:\/\/www.egemtv.com\/index.php?rest_route=\/wp\/v2\/posts\/21023\/revisions\/21025"}],"wp:featuredmedia":[{"embeddable":true,"href":"https:\/\/www.egemtv.com\/index.php?rest_route=\/wp\/v2\/media\/21024"}],"wp:attachment":[{"href":"https:\/\/www.egemtv.com\/index.php?rest_route=%2Fwp%2Fv2%2Fmedia&parent=21023"}],"wp:term":[{"taxonomy":"category","embeddable":true,"href":"https:\/\/www.egemtv.com\/index.php?rest_route=%2Fwp%2Fv2%2Fcategories&post=21023"},{"taxonomy":"post_tag","embeddable":true,"href":"https:\/\/www.egemtv.com\/index.php?rest_route=%2Fwp%2Fv2%2Ftags&post=21023"}],"curies":[{"name":"wp","href":"https:\/\/api.w.org\/{rel}","templated":true}]}}