{"id":21017,"date":"2025-02-20T16:14:38","date_gmt":"2025-02-20T13:14:38","guid":{"rendered":"https:\/\/www.egemtv.com\/?p=21017"},"modified":"2025-02-20T16:14:43","modified_gmt":"2025-02-20T13:14:43","slug":"bayrakli-belediyesinden-ucretsiz-barista-kursu","status":"publish","type":"post","link":"https:\/\/www.egemtv.com\/?p=21017","title":{"rendered":"Bayrakl\u0131 Belediyesinden \u00fccretsiz \u2018barista\u2019 kursu"},"content":{"rendered":"<p>Bayrakl\u0131 Belediyesi, y\u0131l boyunca d\u00fczenledi\u011fi meslek edindirme ve hobi kurslar\u0131na B\u00fcy\u00fck\u015fehir Belediyesi i\u015f birli\u011fiyle bir yenisini daha ekledi. Bu kapsamda iki hafta s\u00fcrecek \u00fccretsiz baristal\u0131k e\u011fitimi verilecek. Kat\u0131l\u0131mc\u0131lar mobil e\u011fitim arac\u0131nda, kahve t\u00fcrlerinden i\u00e7ecekler haz\u0131rlamay\u0131 ve sunmay\u0131 \u00f6\u011frenecek. Bayrakl\u0131 Belediye Ba\u015fkan\u0131 \u0130rfan \u00d6nal, &#8220;\u0130lgilenen herkesi e\u011fitimlerimize bekliyoruz&#8221; dedi.<br \/>\n<br \/>Bayrakl\u0131 Belediyesi Sosyal Yard\u0131m \u0130\u015fler M\u00fcd\u00fcrl\u00fc\u011f\u00fc ve \u0130zmir B\u00fcy\u00fck\u015fehir Belediyesi Sosyal Projeler Dairesi Ba\u015fkanl\u0131\u011f\u0131 Meslek Fabrikas\u0131 \u015eube M\u00fcd\u00fcrl\u00fc\u011f\u00fc i\u015f birli\u011fiyle y\u00fcr\u00fct\u00fclen meslek edindirme program\u0131 kapsam\u0131nda barista kursu verilecek. 26-28 \u015eubat ve 5-7 Mart tarihleri aras\u0131nda, saat 10.00 ile 15.00 aras\u0131nda, Osmangazi hizmet binas\u0131 \u00f6n\u00fcnde mobil e\u011fitim arac\u0131nda d\u00fczenlenecek \u00fccretsiz barista kursu, iki hafta s\u00fcrecek. 16 ya\u015f ve \u00fczeri kat\u0131l\u0131mc\u0131lar\u0131n ba\u015fvurabilece\u011fi kurs, 12 ki\u015filik gruplar halinde ger\u00e7ekle\u015ftirilecek. E\u011fitime kat\u0131lanlar, kahvenin tarladan fincana uzanan yolculu\u011funu teorik olarak \u00f6\u011frenecek. Ayr\u0131ca kavurma teknikleri, espresso bazl\u0131 i\u00e7ecek haz\u0131rlama, so\u011fuk i\u00e7ecek re\u00e7eteleri ve farkl\u0131 demleme y\u00f6ntemleri gibi konularda pratik e\u011fitim alacak. Kurs i\u00e7in ba\u015fvurular 24 \u015eubat\u2019ta sona erecek. Detayl\u0131 bilgiye Bayrakl\u0131 Belediyesi Sosyal Yard\u0131m \u0130\u015fler M\u00fcd\u00fcrl\u00fc\u011f\u00fc\u2019nden veya 0232 293 45 45 telefon numaras\u0131ndan ula\u015f\u0131labilecek.<\/p>\n<p>&#8220;Kursumuza bekliyoruz&#8221;<br \/>\n<br \/>Bayrakl\u0131 Belediye Ba\u015fkan\u0131 \u0130rfan \u00d6nal, &#8220;Vatanda\u015flar\u0131m\u0131z\u0131n ya\u015fam kalitesini art\u0131rmak, ekonomik olarak g\u00fc\u00e7lenmelerine katk\u0131 sa\u011flamak ve meslek sahibi olmalar\u0131na destek olmak amac\u0131yla \u00e7e\u015fitli e\u011fitim programlar\u0131 d\u00fczenliyoruz. Son y\u0131llarda kahve sekt\u00f6r\u00fcne ilginin artmas\u0131yla biz de Bayrakl\u0131 Belediyesi olarak \u00f6zellikle gen\u00e7lerimize y\u00f6nelik hem hobi hem de meslek edinme kursu olarak de\u011ferlendirilebilecek \u00f6nemli bir istihdam kap\u0131s\u0131 haline gelen baristal\u0131k i\u00e7in B\u00fcy\u00fck\u015fehir Belediyemizle birlikte e\u011fitim program\u0131 haz\u0131rlad\u0131k. Daha \u00f6nce a\u00e7t\u0131\u011f\u0131m\u0131z \u00e7e\u015fitli meslek edindirme kurslar\u0131yla bir\u00e7ok vatanda\u015f\u0131m\u0131z\u0131n i\u015f sahibi olmas\u0131na yard\u0131mc\u0131 olduk. Barista kursumuz da bu kapsamda \u00f6nemli bir f\u0131rsat sunacak. Kahve sekt\u00f6r\u00fcne ilgi duyan, bu alanda kendisini geli\u015ftirmek isteyen ve meslek olarak de\u011ferlendirmek isteyen t\u00fcm vatanda\u015flar\u0131m\u0131z\u0131 \u00fccretsiz e\u011fitimlerimize bekliyoruz&#8221; dedi.<br \/><\/p>\n","protected":false},"excerpt":{"rendered":"<p>Bayrakl\u0131 Belediyesi, y\u0131l boyunca d\u00fczenledi\u011fi meslek edindirme ve hobi kurslar\u0131na B\u00fcy\u00fck\u015fehir Belediyesi i\u015f birli\u011fiyle bir yenisini daha ekledi. Bu kapsamda iki hafta s\u00fcrecek \u00fccretsiz baristal\u0131k e\u011fitimi verilecek. Kat\u0131l\u0131mc\u0131lar mobil e\u011fitim arac\u0131nda, kahve t\u00fcrlerinden i\u00e7ecekler haz\u0131rlamay\u0131 ve sunmay\u0131 \u00f6\u011frenecek. Bayrakl\u0131 Belediye Ba\u015fkan\u0131 \u0130rfan \u00d6nal, &#8220;\u0130lgilenen herkesi e\u011fitimlerimize bekliyoruz&#8221; dedi. Bayrakl\u0131 Belediyesi Sosyal Yard\u0131m \u0130\u015fler M\u00fcd\u00fcrl\u00fc\u011f\u00fc ve&#8230;<\/p>\n","protected":false},"author":1,"featured_media":21018,"comment_status":"open","ping_status":"open","sticky":false,"template":"","format":"standard","meta":{"_crdt_document":"","footnotes":""},"categories":[1],"tags":[],"class_list":["post-21017","post","type-post","status-publish","format-standard","has-post-thumbnail","hentry","category-guncel"],"_links":{"self":[{"href":"https:\/\/www.egemtv.com\/index.php?rest_route=\/wp\/v2\/posts\/21017","targetHints":{"allow":["GET"]}}],"collection":[{"href":"https:\/\/www.egemtv.com\/index.php?rest_route=\/wp\/v2\/posts"}],"about":[{"href":"https:\/\/www.egemtv.com\/index.php?rest_route=\/wp\/v2\/types\/post"}],"author":[{"embeddable":true,"href":"https:\/\/www.egemtv.com\/index.php?rest_route=\/wp\/v2\/users\/1"}],"replies":[{"embeddable":true,"href":"https:\/\/www.egemtv.com\/index.php?rest_route=%2Fwp%2Fv2%2Fcomments&post=21017"}],"version-history":[{"count":1,"href":"https:\/\/www.egemtv.com\/index.php?rest_route=\/wp\/v2\/posts\/21017\/revisions"}],"predecessor-version":[{"id":21019,"href":"https:\/\/www.egemtv.com\/index.php?rest_route=\/wp\/v2\/posts\/21017\/revisions\/21019"}],"wp:featuredmedia":[{"embeddable":true,"href":"https:\/\/www.egemtv.com\/index.php?rest_route=\/wp\/v2\/media\/21018"}],"wp:attachment":[{"href":"https:\/\/www.egemtv.com\/index.php?rest_route=%2Fwp%2Fv2%2Fmedia&parent=21017"}],"wp:term":[{"taxonomy":"category","embeddable":true,"href":"https:\/\/www.egemtv.com\/index.php?rest_route=%2Fwp%2Fv2%2Fcategories&post=21017"},{"taxonomy":"post_tag","embeddable":true,"href":"https:\/\/www.egemtv.com\/index.php?rest_route=%2Fwp%2Fv2%2Ftags&post=21017"}],"curies":[{"name":"wp","href":"https:\/\/api.w.org\/{rel}","templated":true}]}}