{"id":20999,"date":"2025-02-20T15:48:36","date_gmt":"2025-02-20T12:48:36","guid":{"rendered":"https:\/\/www.egemtv.com\/?p=20999"},"modified":"2025-02-20T15:48:41","modified_gmt":"2025-02-20T12:48:41","slug":"buyuksehir-ramazan-ayi-destegini-yuzde-70-arttirdi","status":"publish","type":"post","link":"https:\/\/www.egemtv.com\/?p=20999","title":{"rendered":"B\u00fcy\u00fck\u015fehir Ramazan ay\u0131 deste\u011fini y\u00fczde 70 artt\u0131rd\u0131"},"content":{"rendered":"<p>Sosyal belediyecilik alan\u0131nda farkl\u0131 projeler ve desteklerle halk\u0131n yan\u0131nda olan Mu\u011fla B\u00fcy\u00fck\u015fehir Belediyesi ramazan ay\u0131 dolas\u0131yla yapt\u0131\u011f\u0131 Ramazan Destek Yard\u0131m miktar\u0131n\u0131 y\u00fczde 70 oran\u0131nda artt\u0131rd\u0131. Derin yoksullu\u011fun ya\u015fand\u0131\u011f\u0131 ve market harcamalar\u0131nda k\u0131s\u0131tlamaya gidilen bu g\u00fcnlerde vatanda\u015flara yap\u0131lan sosyal yard\u0131m\u0131n \u00f6nemli oldu\u011funu vurgulayan Ba\u015fkan Aras, sosyal yard\u0131m b\u00fct\u00e7esini de 50 Milyon TL\u2019den 160 Milyon TL\u2019ye \u00e7\u0131kard\u0131klar\u0131n\u0131 belirtti.<br \/>\n<br \/>Her ay d\u00fczenli olarak ihtiya\u00e7 sahibi vatanda\u015flara ekonomik yard\u0131mlarda bulunan B\u00fcy\u00fck\u015fehir Belediyesi Ramazan Ay\u0131 nedeni ile sosyal desteklerini y\u00fczde 70 artt\u0131rd\u0131. Ek \u00f6demeler Ramazan ay\u0131 ba\u015flamadan vatanda\u015flar\u0131n hesaplar\u0131na yat\u0131r\u0131lm\u0131\u015f olacak.<br \/>\n<br \/>2025 y\u0131l\u0131 sosyal yard\u0131m b\u00fct\u00e7esini 50 Milyon TL\u2019den 160 Milyon TL\u2019ye \u00e7\u0131karan, ihtiya\u00e7 sahibi ailelere nakdi, k\u0131rtasiye, beslenme, okul k\u0131yafeti, s\u0131nav \u00fccreti, Halk Kart gibi desteklerde bulunan B\u00fcy\u00fck\u015fehir Belediyesi Ramazan Ay\u0131\u2019nda da vatanda\u015flar\u0131n yan\u0131nda olmak i\u00e7in desteklerini y\u00fczde 70 artt\u0131rd\u0131.<br \/>\n<br \/>Ba\u015fkan Aras; &#8220;Mutlu bir Mu\u011fla i\u00e7in dayan\u0131\u015fmay\u0131 b\u00fcy\u00fct\u00fcyoruz&#8221;<br \/>\n<br \/>T\u00fcrkiye\u2019nin i\u00e7inde bulundu\u011fu ekonomik \u015fartlar nedeniyle sosyal ve ekonomik olarak vatanda\u015flar\u0131n yan\u0131nda olan projeler \u00fcrettiklerini s\u00f6yleyen Mu\u011fla B\u00fcy\u00fck\u015fehir Belediye Ba\u015fkan\u0131 Ahmet Aras, \u00f6\u011frencilerden emeklilere, annelerden ihtiya\u00e7 sahiplerine kadar herkese destek olmaya devam edeceklerini belirtti.<br \/>\n<br \/>Ba\u015fkan Aras; &#8220;\u00dclkemizin i\u00e7inde bulundu\u011fu ekonomik kriz, ge\u00e7im \u015fartlar\u0131n\u0131 her ge\u00e7en g\u00fcn daha da zorla\u015ft\u0131r\u0131yor. Vatanda\u015flar\u0131m\u0131z, temel ihtiya\u00e7lar\u0131n\u0131 kar\u015f\u0131lamakta g\u00fc\u00e7l\u00fck \u00e7ekiyor. Bu zorlu s\u00fcre\u00e7te, sosyal dayan\u0131\u015fmay\u0131 b\u00fcy\u00fcten projeler hayata ge\u00e7irerek halk\u0131m\u0131z\u0131n y\u00fck\u00fcn\u00fc hafifletmeye \u00e7al\u0131\u015f\u0131yoruz. Kent yoksullu\u011fuyla m\u00fccadelede kad\u0131nlardan \u00e7ocuklara, ya\u015f alm\u0131\u015flardan engellilere, emeklilerden \u00f6\u011frencilere kadar her kesimle dayan\u0131\u015fma i\u00e7indeyiz. Ramazan ay\u0131 da dayan\u0131\u015fman\u0131n ve payla\u015fman\u0131n simgesidir. Bu anlay\u0131\u015fla, ramazan\u0131n ruhuna uygun olarak Ramazan Ay\u0131 deste\u011fimizi y\u00fczde 70 oran\u0131nda artt\u0131rd\u0131k. Mutlu bir Mu\u011fla i\u00e7in dayan\u0131\u015fmay\u0131 b\u00fcy\u00fctmeye ve desteklerimizi art\u0131rmaya devam edece\u011fiz&#8221; dedi.<br \/><\/p>\n","protected":false},"excerpt":{"rendered":"<p>Sosyal belediyecilik alan\u0131nda farkl\u0131 projeler ve desteklerle halk\u0131n yan\u0131nda olan Mu\u011fla B\u00fcy\u00fck\u015fehir Belediyesi ramazan ay\u0131 dolas\u0131yla yapt\u0131\u011f\u0131 Ramazan Destek Yard\u0131m miktar\u0131n\u0131 y\u00fczde 70 oran\u0131nda artt\u0131rd\u0131. Derin yoksullu\u011fun ya\u015fand\u0131\u011f\u0131 ve market harcamalar\u0131nda k\u0131s\u0131tlamaya gidilen bu g\u00fcnlerde vatanda\u015flara yap\u0131lan sosyal yard\u0131m\u0131n \u00f6nemli oldu\u011funu vurgulayan Ba\u015fkan Aras, sosyal yard\u0131m b\u00fct\u00e7esini de 50 Milyon TL\u2019den 160 Milyon TL\u2019ye \u00e7\u0131kard\u0131klar\u0131n\u0131&#8230;<\/p>\n","protected":false},"author":1,"featured_media":21000,"comment_status":"open","ping_status":"open","sticky":false,"template":"","format":"standard","meta":{"_crdt_document":"","footnotes":""},"categories":[123],"tags":[],"class_list":["post-20999","post","type-post","status-publish","format-standard","has-post-thumbnail","hentry","category-gundem"],"_links":{"self":[{"href":"https:\/\/www.egemtv.com\/index.php?rest_route=\/wp\/v2\/posts\/20999","targetHints":{"allow":["GET"]}}],"collection":[{"href":"https:\/\/www.egemtv.com\/index.php?rest_route=\/wp\/v2\/posts"}],"about":[{"href":"https:\/\/www.egemtv.com\/index.php?rest_route=\/wp\/v2\/types\/post"}],"author":[{"embeddable":true,"href":"https:\/\/www.egemtv.com\/index.php?rest_route=\/wp\/v2\/users\/1"}],"replies":[{"embeddable":true,"href":"https:\/\/www.egemtv.com\/index.php?rest_route=%2Fwp%2Fv2%2Fcomments&post=20999"}],"version-history":[{"count":1,"href":"https:\/\/www.egemtv.com\/index.php?rest_route=\/wp\/v2\/posts\/20999\/revisions"}],"predecessor-version":[{"id":21001,"href":"https:\/\/www.egemtv.com\/index.php?rest_route=\/wp\/v2\/posts\/20999\/revisions\/21001"}],"wp:featuredmedia":[{"embeddable":true,"href":"https:\/\/www.egemtv.com\/index.php?rest_route=\/wp\/v2\/media\/21000"}],"wp:attachment":[{"href":"https:\/\/www.egemtv.com\/index.php?rest_route=%2Fwp%2Fv2%2Fmedia&parent=20999"}],"wp:term":[{"taxonomy":"category","embeddable":true,"href":"https:\/\/www.egemtv.com\/index.php?rest_route=%2Fwp%2Fv2%2Fcategories&post=20999"},{"taxonomy":"post_tag","embeddable":true,"href":"https:\/\/www.egemtv.com\/index.php?rest_route=%2Fwp%2Fv2%2Ftags&post=20999"}],"curies":[{"name":"wp","href":"https:\/\/api.w.org\/{rel}","templated":true}]}}