{"id":20996,"date":"2025-02-20T15:48:30","date_gmt":"2025-02-20T12:48:30","guid":{"rendered":"https:\/\/www.egemtv.com\/?p=20996"},"modified":"2025-02-20T15:48:35","modified_gmt":"2025-02-20T12:48:35","slug":"yunusemreden-hafsa-sultana-kultur-ve-taziye-evi","status":"publish","type":"post","link":"https:\/\/www.egemtv.com\/?p=20996","title":{"rendered":"Yunusemre\u2019den Hafsa Sultan\u2019a k\u00fclt\u00fcr ve taziye evi"},"content":{"rendered":"<p>Yunusemre Belediyesi il\u00e7edeki 8. K\u00fclt\u00fcr ve Taziye Evi\u2019ni Hafsa Sultan Mahallesi\u2019nde hizmete a\u00e7t\u0131. Yeni k\u00fclt\u00fcr ve taziye evi, mahalle halk\u0131n\u0131n hem ac\u0131lar\u0131n\u0131 hem de sevin\u00e7lerini payla\u015fabilece\u011fi \u00f6nemli bir merkez olacak.<br \/>\n<br \/>Yunusemre Belediyesi il\u00e7edeki 8. K\u00fclt\u00fcr ve Taziye Evi\u2019ni Hafsa Sultan Mahallesi\u2019nde d\u00fczenlenen t\u00f6renle hizmete a\u00e7t\u0131. A\u00e7\u0131l\u0131\u015f t\u00f6renine Yunusemre Belediye Ba\u015fkan\u0131 Semih Balaban, CHP \u0130l Ba\u015fkanvekili \u015eerif Ozan \u0130rem, CHP Yunusemre \u0130l\u00e7e Ba\u015fkan\u0131 Av. Mehmet Arslan, ba\u015fkan yard\u0131mc\u0131lar\u0131, birim m\u00fcd\u00fcrleri, muhtarlar ve mahalle sakinleri kat\u0131ld\u0131. Yeni k\u00fclt\u00fcr ve taziye evi, mahalle halk\u0131n\u0131n hem ac\u0131lar\u0131n\u0131 hem de sevin\u00e7lerini payla\u015fabilece\u011fi \u00f6nemli bir merkez olacak. A\u00e7\u0131l\u0131\u015f t\u00f6reninde konu\u015fan Hafsa Sultan Mahalle Muhtar\u0131 Zuhal G\u00fcne\u015f, bu \u00f6nemli projeyi mahallelerine kazand\u0131ran Yunusemre Belediye Ba\u015fkan\u0131 Semih Balaban\u2019a te\u015fekk\u00fcr etti.<\/p>\n<p>&#8220;Ac\u0131lar kadar sevin\u00e7ler de payla\u015f\u0131lacak&#8221;<br \/>\n<br \/>CHP Yunusemre \u0130l\u00e7e Ba\u015fkan\u0131 Mehmet Arslan ise yapt\u0131\u011f\u0131 konu\u015fmada, k\u00fclt\u00fcr ve taziye evinin yaln\u0131zca ac\u0131lar\u0131 payla\u015fmak i\u00e7in de\u011fil, ayn\u0131 zamanda sevin\u00e7leri bir araya getirmek ad\u0131na da \u00f6nemli bir merkez olaca\u011f\u0131n\u0131 ifade etti. Arslan, &#8220;Sadece ac\u0131lar\u0131m\u0131z\u0131 de\u011fil, ayn\u0131 zamanda sevin\u00e7lerimizi payla\u015faca\u011f\u0131m\u0131z k\u00fclt\u00fcrel etkinlikleri ger\u00e7ekle\u015ftirebilece\u011fimiz mahalle halk\u0131m\u0131z i\u00e7in \u00f6nemli bir yer buras\u0131. Projenin hayata ge\u00e7irilmesinde eme\u011fi ge\u00e7en ba\u015fta Yunusemre Belediye Ba\u015fkan\u0131m\u0131z Semih Balaban olmak \u00fczere, ba\u015fkan yard\u0131mc\u0131lar\u0131m\u0131za, ilgili m\u00fcd\u00fcrlerimize ve t\u00fcm belediye \u00e7al\u0131\u015fanlar\u0131na te\u015fekk\u00fcr ediyorum,&#8221; dedi. CHP \u0130l Ba\u015fkanvekili \u015eerif Ozan \u0130ren de t\u00f6rende yapt\u0131\u011f\u0131 konu\u015fmada, projede eme\u011fi ge\u00e7en herkesi kutlayarak, bu t\u00fcr sosyal projelerin toplumun birlik ve beraberli\u011fini peki\u015ftirdi\u011fini belirtti.<\/p>\n<p>\u2018Taziye toplumumuzda \u00f6nemli bir gelenek\u2019<br \/>\n<br \/>Yunusemre Belediye Ba\u015fkan\u0131 Semih Balaban ise a\u00e7\u0131l\u0131\u015fta yapt\u0131\u011f\u0131 konu\u015fmada, taziye gelene\u011finin toplumumuzdaki \u00f6nemine dikkat \u00e7ekerek \u015funlar\u0131 s\u00f6yledi: &#8220;Burada dayan\u0131\u015fma ruhuyla g\u00fczel bir taziye evini a\u00e7man\u0131n mutlulu\u011funu ya\u015f\u0131yoruz. Taziye, toplumumuzda \u00f6nemli bir gelenek. Buras\u0131 yaln\u0131zca bir taziye evi de\u011fil; ayn\u0131 zamanda mahalle halk\u0131m\u0131z\u0131n sosyal, k\u00fclt\u00fcrel ve dayan\u0131\u015fma etkinlikleri d\u00fczenleyebilece\u011fi bir merkez olacak. \u0130nsanlar\u0131m\u0131z burada yaln\u0131z olmad\u0131klar\u0131n\u0131 hissedecek, mahalle k\u00fclt\u00fcr\u00fc g\u00fc\u00e7lenecek. \u00d6n\u00fcm\u00fczdeki s\u00fcre\u00e7te de bu t\u00fcr projelere a\u011f\u0131rl\u0131k vererek vatanda\u015flar\u0131m\u0131z\u0131n yan\u0131nda olmaya devam edece\u011fiz. Sosyal belediyecilik anlay\u0131\u015f\u0131m\u0131z\u0131n en somut \u00f6rneklerinden biri olan bu proje, halk\u0131m\u0131z\u0131n birlik ve beraberli\u011fini daha da peki\u015ftirecek.&#8221;<br \/>\n<br \/>Konu\u015fmalar\u0131n ard\u0131ndan il\u00e7edeki 8. K\u00fclt\u00fcr ve Taziye Evi olan Hafsa Sultan Mahallesi K\u00fclt\u00fcr ve Taziye Evinin a\u00e7\u0131l\u0131\u015f\u0131 dualar e\u015fli\u011finde yap\u0131ld\u0131.<br \/><\/p>\n","protected":false},"excerpt":{"rendered":"<p>Yunusemre Belediyesi il\u00e7edeki 8. K\u00fclt\u00fcr ve Taziye Evi\u2019ni Hafsa Sultan Mahallesi\u2019nde hizmete a\u00e7t\u0131. Yeni k\u00fclt\u00fcr ve taziye evi, mahalle halk\u0131n\u0131n hem ac\u0131lar\u0131n\u0131 hem de sevin\u00e7lerini payla\u015fabilece\u011fi \u00f6nemli bir merkez olacak. Yunusemre Belediyesi il\u00e7edeki 8. K\u00fclt\u00fcr ve Taziye Evi\u2019ni Hafsa Sultan Mahallesi\u2019nde d\u00fczenlenen t\u00f6renle hizmete a\u00e7t\u0131. A\u00e7\u0131l\u0131\u015f t\u00f6renine Yunusemre Belediye Ba\u015fkan\u0131 Semih Balaban, CHP \u0130l Ba\u015fkanvekili&#8230;<\/p>\n","protected":false},"author":1,"featured_media":20997,"comment_status":"open","ping_status":"open","sticky":false,"template":"","format":"standard","meta":{"_crdt_document":"","footnotes":""},"categories":[1],"tags":[],"class_list":["post-20996","post","type-post","status-publish","format-standard","has-post-thumbnail","hentry","category-guncel"],"_links":{"self":[{"href":"https:\/\/www.egemtv.com\/index.php?rest_route=\/wp\/v2\/posts\/20996","targetHints":{"allow":["GET"]}}],"collection":[{"href":"https:\/\/www.egemtv.com\/index.php?rest_route=\/wp\/v2\/posts"}],"about":[{"href":"https:\/\/www.egemtv.com\/index.php?rest_route=\/wp\/v2\/types\/post"}],"author":[{"embeddable":true,"href":"https:\/\/www.egemtv.com\/index.php?rest_route=\/wp\/v2\/users\/1"}],"replies":[{"embeddable":true,"href":"https:\/\/www.egemtv.com\/index.php?rest_route=%2Fwp%2Fv2%2Fcomments&post=20996"}],"version-history":[{"count":1,"href":"https:\/\/www.egemtv.com\/index.php?rest_route=\/wp\/v2\/posts\/20996\/revisions"}],"predecessor-version":[{"id":20998,"href":"https:\/\/www.egemtv.com\/index.php?rest_route=\/wp\/v2\/posts\/20996\/revisions\/20998"}],"wp:featuredmedia":[{"embeddable":true,"href":"https:\/\/www.egemtv.com\/index.php?rest_route=\/wp\/v2\/media\/20997"}],"wp:attachment":[{"href":"https:\/\/www.egemtv.com\/index.php?rest_route=%2Fwp%2Fv2%2Fmedia&parent=20996"}],"wp:term":[{"taxonomy":"category","embeddable":true,"href":"https:\/\/www.egemtv.com\/index.php?rest_route=%2Fwp%2Fv2%2Fcategories&post=20996"},{"taxonomy":"post_tag","embeddable":true,"href":"https:\/\/www.egemtv.com\/index.php?rest_route=%2Fwp%2Fv2%2Ftags&post=20996"}],"curies":[{"name":"wp","href":"https:\/\/api.w.org\/{rel}","templated":true}]}}