{"id":20991,"date":"2025-02-20T15:46:32","date_gmt":"2025-02-20T12:46:32","guid":{"rendered":"https:\/\/www.egemtv.com\/?p=20991"},"modified":"2025-02-20T15:46:38","modified_gmt":"2025-02-20T12:46:38","slug":"salihlili-gurescilerden-manisada-buyuk-basari-2","status":"publish","type":"post","link":"https:\/\/www.egemtv.com\/?p=20991","title":{"rendered":"Salihlili g\u00fcre\u015f\u00e7ilerden Manisa\u2019da b\u00fcy\u00fck ba\u015far\u0131"},"content":{"rendered":"<p>Manisa\u2019da d\u00fczenlenen y\u0131ld\u0131zlar g\u00fcre\u015f \u015fampiyonas\u0131nda Misak-\u0131 Milli ve Misak-\u0131 Milli \u0130mam Hatip \u00f6\u011frencileri, 7 alt\u0131n, 5 g\u00fcm\u00fc\u015f ve 3 bronz madalya kazand\u0131.<br \/>\n<br \/>Y\u0131ld\u0131zlar G\u00fcre\u015f \u015eampiyonas\u0131, Manisa\u2019da d\u00fczenlendi. \u015eampiyonada Salihli Misak-\u0131 Milli ve Misak-\u0131 Milli \u0130mam Hatip \u00f6\u011frencileri, boy g\u00f6sterdi. Salihlili g\u00fcre\u015f\u00e7iler, ba\u015far\u0131l\u0131 performans ile 7 alt\u0131n, 5 g\u00fcm\u00fc\u015f ve 3 bronz madalya kazanarak, \u015fampiyonada g\u00f6z doldurdu.<br \/>\n<br \/>\u015eampiyonada Salihli Misak-\u0131 Milli ve Misak-\u0131 Milli \u0130mam Hatip \u00f6\u011frencilerinden 33 kiloda Ezgi Er\u00fc\u015f, 36 kiloda Elanur H\u00f6ge, 42 kiloda Elif Er, 46 kiloda Nurg\u00fcl Oru\u00e7, 50 kiloda Elif Tekin, 54 kiloda Nurdan Tekin, 58 kiloda Berfin Hayat \u00d6zdemir alt\u0131n, 33 kiloda Af\u015fin Er\u00fc\u015f, 36 kiloda Nehir Tekin, 42 kiloda Bedevi Han\u0131m \u00d6zkan, 58 kiloda Hevvi Viyan Tokta\u015f g\u00fcm\u00fc\u015f, 33 kiloda Nisanur Demir, 48 kiloda Polat \u00d6zdemir ve 41 kiloda Emir Nar\u00e7icek bronz madalya kazand\u0131. Ba\u015far\u0131l\u0131 g\u00fcre\u015f\u00e7iler, d\u00fczenlenen t\u00f6renle madalyalar\u0131n\u0131 ald\u0131.<br \/>\n<br \/>Dereceye giren Salihlili g\u00fcre\u015f\u00e7iler, Mart ay\u0131nda Rize\u2019de yap\u0131lacak T\u00fcrkiye \u015eampiyonas\u0131nda, Salihli ve Manisa\u2019y\u0131 temsil edecek.<br \/>\n<br \/>Okul M\u00fcd\u00fcr\u00fc Y\u00fccel Ersoy, Manisa\u2019dan madalya ile d\u00f6nen sporcular\u0131 tebrik edip, eme\u011fi ge\u00e7en \u0130smail Bing\u00f6l ve B\u00fc\u015fra Bing\u00f6l\u2019\u00fc te\u015fekk\u00fcr etti.<br \/><\/p>\n","protected":false},"excerpt":{"rendered":"<p>Manisa\u2019da d\u00fczenlenen y\u0131ld\u0131zlar g\u00fcre\u015f \u015fampiyonas\u0131nda Misak-\u0131 Milli ve Misak-\u0131 Milli \u0130mam Hatip \u00f6\u011frencileri, 7 alt\u0131n, 5 g\u00fcm\u00fc\u015f ve 3 bronz madalya kazand\u0131. Y\u0131ld\u0131zlar G\u00fcre\u015f \u015eampiyonas\u0131, Manisa\u2019da d\u00fczenlendi. \u015eampiyonada Salihli Misak-\u0131 Milli ve Misak-\u0131 Milli \u0130mam Hatip \u00f6\u011frencileri, boy g\u00f6sterdi. Salihlili g\u00fcre\u015f\u00e7iler, ba\u015far\u0131l\u0131 performans ile 7 alt\u0131n, 5 g\u00fcm\u00fc\u015f ve 3 bronz madalya kazanarak, \u015fampiyonada g\u00f6z&#8230;<\/p>\n","protected":false},"author":1,"featured_media":20992,"comment_status":"open","ping_status":"open","sticky":false,"template":"","format":"standard","meta":{"_crdt_document":"","footnotes":""},"categories":[4],"tags":[],"class_list":["post-20991","post","type-post","status-publish","format-standard","has-post-thumbnail","hentry","category-spor"],"_links":{"self":[{"href":"https:\/\/www.egemtv.com\/index.php?rest_route=\/wp\/v2\/posts\/20991","targetHints":{"allow":["GET"]}}],"collection":[{"href":"https:\/\/www.egemtv.com\/index.php?rest_route=\/wp\/v2\/posts"}],"about":[{"href":"https:\/\/www.egemtv.com\/index.php?rest_route=\/wp\/v2\/types\/post"}],"author":[{"embeddable":true,"href":"https:\/\/www.egemtv.com\/index.php?rest_route=\/wp\/v2\/users\/1"}],"replies":[{"embeddable":true,"href":"https:\/\/www.egemtv.com\/index.php?rest_route=%2Fwp%2Fv2%2Fcomments&post=20991"}],"version-history":[{"count":1,"href":"https:\/\/www.egemtv.com\/index.php?rest_route=\/wp\/v2\/posts\/20991\/revisions"}],"predecessor-version":[{"id":20994,"href":"https:\/\/www.egemtv.com\/index.php?rest_route=\/wp\/v2\/posts\/20991\/revisions\/20994"}],"wp:featuredmedia":[{"embeddable":true,"href":"https:\/\/www.egemtv.com\/index.php?rest_route=\/wp\/v2\/media\/20992"}],"wp:attachment":[{"href":"https:\/\/www.egemtv.com\/index.php?rest_route=%2Fwp%2Fv2%2Fmedia&parent=20991"}],"wp:term":[{"taxonomy":"category","embeddable":true,"href":"https:\/\/www.egemtv.com\/index.php?rest_route=%2Fwp%2Fv2%2Fcategories&post=20991"},{"taxonomy":"post_tag","embeddable":true,"href":"https:\/\/www.egemtv.com\/index.php?rest_route=%2Fwp%2Fv2%2Ftags&post=20991"}],"curies":[{"name":"wp","href":"https:\/\/api.w.org\/{rel}","templated":true}]}}