{"id":20834,"date":"2025-02-20T11:44:09","date_gmt":"2025-02-20T08:44:09","guid":{"rendered":"https:\/\/www.egemtv.com\/?p=20834"},"modified":"2025-02-20T11:44:15","modified_gmt":"2025-02-20T08:44:15","slug":"burdurda-kalp-krizi-geciren-surucu-3-araca-carpti","status":"publish","type":"post","link":"https:\/\/www.egemtv.com\/?p=20834","title":{"rendered":"Burdur\u2019da kalp krizi ge\u00e7iren s\u00fcr\u00fcc\u00fc 3 araca \u00e7arpt\u0131"},"content":{"rendered":"<p>Burdur\u2019da sabah saatlerinde direksiyon ba\u015f\u0131nda kalp krizi ge\u00e7iren 72 ya\u015f\u0131ndaki s\u00fcr\u00fcc\u00fc \u00f6nce park halindeki 2 araca sonra kar\u015f\u0131 istikametten gelen otomobile \u00e7arpt\u0131. Hastanede tedavi alt\u0131na al\u0131nan s\u00fcr\u00fcc\u00fcn\u00fcn tedavisi s\u00fcr\u00fcyor.<br \/>\n<br \/>Olay saat 08.40 s\u0131ralar\u0131nda merkez G\u00fczelle\u015ftirme Caddesi \u00fczerinde meydana geldi. Edinilen bilgilere g\u00f6re Hilmi K.(72) idaresindeki 15 SA 724 plakal\u0131 Fiat marka hafif ticari ara\u00e7 seyir halindeyken \u00f6nce park halindeki 2 araca ard\u0131ndan cadde \u00fczerinde kar\u015f\u0131 istikametten gelen Emrah D.(42) idaresindeki 15 AAH 937 plakal\u0131 Mercedes marka otomobile \u00e7arpt\u0131. Kaza sonras\u0131 Hilmi K. n\u0131n fenala\u015ft\u0131\u011f\u0131n\u0131 g\u00f6renlerin 112 Acil \u00c7a\u011fr\u0131 Merkezine ihbar\u0131 \u00fczerine olay yerine sa\u011fl\u0131k ve polis ekipleri sevk edildi. Olay yerine gelen sa\u011fl\u0131k ekipleri taraf\u0131ndan yap\u0131lan kontrollerde Hilmi K.\u2019n\u0131n kalp krizi ge\u00e7irdi\u011fini belirledi. Olay yerinde yap\u0131lan ilk m\u00fcdahale sonras\u0131 hastaneye kald\u0131r\u0131lan Hilmi K.\u2019n\u0131n tedavisinin s\u00fcrd\u00fc\u011f\u00fc \u00f6\u011frenildi. Olay yeri inceleme ekipleri kaza ile ilgili inceleme yaparken kazaya kar\u0131\u015fan ara\u00e7lar \u00e7ekici yard\u0131m\u0131yla yoldan kald\u0131r\u0131ld\u0131.<br \/><\/p>\n","protected":false},"excerpt":{"rendered":"<p>Burdur\u2019da sabah saatlerinde direksiyon ba\u015f\u0131nda kalp krizi ge\u00e7iren 72 ya\u015f\u0131ndaki s\u00fcr\u00fcc\u00fc \u00f6nce park halindeki 2 araca sonra kar\u015f\u0131 istikametten gelen otomobile \u00e7arpt\u0131. Hastanede tedavi alt\u0131na al\u0131nan s\u00fcr\u00fcc\u00fcn\u00fcn tedavisi s\u00fcr\u00fcyor. Olay saat 08.40 s\u0131ralar\u0131nda merkez G\u00fczelle\u015ftirme Caddesi \u00fczerinde meydana geldi. Edinilen bilgilere g\u00f6re Hilmi K.(72) idaresindeki 15 SA 724 plakal\u0131 Fiat marka hafif ticari ara\u00e7 seyir&#8230;<\/p>\n","protected":false},"author":1,"featured_media":20835,"comment_status":"open","ping_status":"open","sticky":false,"template":"","format":"standard","meta":{"_crdt_document":"","footnotes":""},"categories":[5],"tags":[],"class_list":["post-20834","post","type-post","status-publish","format-standard","has-post-thumbnail","hentry","category-asayis"],"_links":{"self":[{"href":"https:\/\/www.egemtv.com\/index.php?rest_route=\/wp\/v2\/posts\/20834","targetHints":{"allow":["GET"]}}],"collection":[{"href":"https:\/\/www.egemtv.com\/index.php?rest_route=\/wp\/v2\/posts"}],"about":[{"href":"https:\/\/www.egemtv.com\/index.php?rest_route=\/wp\/v2\/types\/post"}],"author":[{"embeddable":true,"href":"https:\/\/www.egemtv.com\/index.php?rest_route=\/wp\/v2\/users\/1"}],"replies":[{"embeddable":true,"href":"https:\/\/www.egemtv.com\/index.php?rest_route=%2Fwp%2Fv2%2Fcomments&post=20834"}],"version-history":[{"count":1,"href":"https:\/\/www.egemtv.com\/index.php?rest_route=\/wp\/v2\/posts\/20834\/revisions"}],"predecessor-version":[{"id":20836,"href":"https:\/\/www.egemtv.com\/index.php?rest_route=\/wp\/v2\/posts\/20834\/revisions\/20836"}],"wp:featuredmedia":[{"embeddable":true,"href":"https:\/\/www.egemtv.com\/index.php?rest_route=\/wp\/v2\/media\/20835"}],"wp:attachment":[{"href":"https:\/\/www.egemtv.com\/index.php?rest_route=%2Fwp%2Fv2%2Fmedia&parent=20834"}],"wp:term":[{"taxonomy":"category","embeddable":true,"href":"https:\/\/www.egemtv.com\/index.php?rest_route=%2Fwp%2Fv2%2Fcategories&post=20834"},{"taxonomy":"post_tag","embeddable":true,"href":"https:\/\/www.egemtv.com\/index.php?rest_route=%2Fwp%2Fv2%2Ftags&post=20834"}],"curies":[{"name":"wp","href":"https:\/\/api.w.org\/{rel}","templated":true}]}}