{"id":20827,"date":"2025-02-20T11:42:56","date_gmt":"2025-02-20T08:42:56","guid":{"rendered":"https:\/\/www.egemtv.com\/?p=20827"},"modified":"2025-02-20T11:43:05","modified_gmt":"2025-02-20T08:43:05","slug":"izmirde-ekrandan-uzaklasip-ogretici-aktiviteler-yapan-veliler-cocuklarina-ornek-oluyor","status":"publish","type":"post","link":"https:\/\/www.egemtv.com\/?p=20827","title":{"rendered":"\u0130zmir\u2019de ekrandan uzakla\u015f\u0131p \u00f6\u011fretici aktiviteler yapan veliler \u00e7ocuklar\u0131na \u00f6rnek oluyor"},"content":{"rendered":"<p>\u0130zmir\u2019de bir ilkokul, \u00f6\u011frencilerin dijital ortamdan uzakla\u015f\u0131p aileleriyle beraber vakit ge\u00e7irebilmesi amac\u0131yla \u2018Ekrandan Uzak Hayata Yak\u0131n\u2019 projesini uygulamaya soktu. Proje sayesinde minikler hem teknoloji ba\u011f\u0131ml\u0131l\u0131\u011f\u0131ndan uzakla\u015f\u0131yor hem de sosyalle\u015ferek \u00f6\u011frenme f\u0131rsat\u0131 buluyor.<br \/>\n<br \/>\u0130zmir\u2019in Urla il\u00e7esinde Perihan Mahmut Celalettin Demirg\u00fcre\u015f \u0130lkokulu, \u00f6\u011frencilerin teknoloji ba\u011f\u0131ml\u0131l\u0131\u011f\u0131ndan uzakla\u015fmas\u0131, fiziksel ve ruhsal sa\u011fl\u0131\u011f\u0131n\u0131 korumas\u0131 amac\u0131yla \u2018Ekrandan Uzak Hayata Yak\u0131n\u2019 projesini hayata ge\u00e7irdi. Proje kapsam\u0131nda \u00f6\u011frenciler, aileleriyle birlikte belirli g\u00fcnlerde; \u2018kitap okuma etkinli\u011fi, do\u011fay\u0131 gezme, zeka oyunlar\u0131, ailecek zaman ge\u00e7irme\u2019 gibi \u00e7e\u015fitli etkinlikler yap\u0131yor. Bu sayede minikler hem sosyalle\u015fiyor hem e\u011flenirken \u00f6\u011frenme f\u0131rsat\u0131 yakal\u0131yor.<br \/>\n<br \/>Projeyle ilgili bilgiler aktaran Okul M\u00fcd\u00fcr\u00fc Mehtap \u0130nce, &#8220;Bu proje Urla \u0130l\u00e7e Milli E\u011fitim M\u00fcd\u00fcrl\u00fc\u011f\u00fcn\u00fcn projesidir. Projeyi d\u00fczenli olarak uyguluyoruz. Projeyle, teknoloji ba\u011f\u0131ml\u0131l\u0131\u011f\u0131na kar\u015f\u0131 \u00f6\u011frencilerimizi ve ailelerini, hep beraber aile i\u00e7i oyun etkinliklerine ve fiziksel aktivitelere y\u00f6nlendirmek ve bu s\u00fcre\u00e7te meydana gelen fiziksel, duygusal ve ruhsal tahribat\u0131n \u00f6nlenebilmesini sa\u011flamay\u0131 ama\u00e7l\u0131yoruz&#8221; diye konu\u015ftu.<\/p>\n<p>&#8220;\u00d6\u011frencilerin aile i\u00e7i ileti\u015fimi g\u00fc\u00e7leniyor&#8221;<br \/>\n<br \/>Proje kapsam\u0131nda yap\u0131lan etkinliklerden bahseden \u0130nce, &#8220;Her ay belirlenen temalar do\u011frultusunda \u00f6\u011fretmenlerimiz velileri ile ileti\u015fime ge\u00e7erek bilgilendirme yap\u0131yor ve etkinlik foto\u011fraflar\u0131 \u00f6\u011fretmenlerimizle payla\u015f\u0131l\u0131yor. \u00d6\u011frencilerimiz tablet, bilgisayar gibi teknolojik aletlerden uzakla\u015f\u0131p, ailesiyle daha fazla vakit ge\u00e7iriyor. Sosyalle\u015fmeleri sa\u011flanarak aile i\u00e7i ileti\u015fimi g\u00fc\u00e7leniyor&#8221; ifadelerine yer verdi.<\/p>\n<p>&#8220;Temalar\u0131m\u0131z\u0131 \u00e7e\u015fitlendirece\u011fiz&#8221;<br \/>\n<br \/>Projeyi okuldaki t\u00fcm ya\u015f grubu \u00f6\u011frencilerde uygulayacaklar\u0131n\u0131 belirten M\u00fcd\u00fcr Yard\u0131mc\u0131s\u0131 Elif Karab\u0131y\u0131k ise &#8220;Temalar\u0131m\u0131z\u0131 \u00e7e\u015fitlendirece\u011fiz. Her ay projemizin devam\u0131n\u0131 sa\u011flamay\u0131 ve \u00e7al\u0131\u015fmam\u0131z\u0131n g\u00f6r\u00fcn\u00fcrl\u00fc\u011f\u00fcn\u00fc artt\u0131rmay\u0131 ama\u00e7l\u0131yoruz&#8221; dedi.<\/p>\n<p>&#8220;Ailemle vakit ge\u00e7irebiliyorum&#8221;<br \/>\n<br \/>Proje sayesinde ailesiyle daha fazla vakit ge\u00e7irdi\u011fini ifade eden Ece Huri Acar (8), &#8220;Annem ve babam \u00e7al\u0131\u015f\u0131yor. Bu etkinlikler sayesinde onlarla birlikte \u00e7ok g\u00fczel ve verimli hat\u0131ralar\u0131m oluyor&#8221; diye vurgularken, 9 ya\u015f\u0131ndaki Bora Baysal da &#8220;Her ay \u00f6\u011fretmenimiz ailemizle yapaca\u011f\u0131m\u0131z etkinlikleri bizlere at\u0131yor. Bu etkinlikleri ger\u00e7ekle\u015ftirmek, birlikte zaman ge\u00e7irmek, kitap okumak, sinemaya gitmek, oyunlar oynamak \u00e7ok ho\u015fuma gidiyor. Annem ve babamla arkada\u015f gibi oluyoruz. Bu proje hep devam etsin&#8221; diye belirtti.<br \/><\/p>\n","protected":false},"excerpt":{"rendered":"<p>\u0130zmir\u2019de bir ilkokul, \u00f6\u011frencilerin dijital ortamdan uzakla\u015f\u0131p aileleriyle beraber vakit ge\u00e7irebilmesi amac\u0131yla \u2018Ekrandan Uzak Hayata Yak\u0131n\u2019 projesini uygulamaya soktu. Proje sayesinde minikler hem teknoloji ba\u011f\u0131ml\u0131l\u0131\u011f\u0131ndan uzakla\u015f\u0131yor hem de sosyalle\u015ferek \u00f6\u011frenme f\u0131rsat\u0131 buluyor. \u0130zmir\u2019in Urla il\u00e7esinde Perihan Mahmut Celalettin Demirg\u00fcre\u015f \u0130lkokulu, \u00f6\u011frencilerin teknoloji ba\u011f\u0131ml\u0131l\u0131\u011f\u0131ndan uzakla\u015fmas\u0131, fiziksel ve ruhsal sa\u011fl\u0131\u011f\u0131n\u0131 korumas\u0131 amac\u0131yla \u2018Ekrandan Uzak Hayata Yak\u0131n\u2019 projesini&#8230;<\/p>\n","protected":false},"author":1,"featured_media":20828,"comment_status":"open","ping_status":"open","sticky":false,"template":"","format":"standard","meta":{"_crdt_document":"","footnotes":""},"categories":[1],"tags":[],"class_list":["post-20827","post","type-post","status-publish","format-standard","has-post-thumbnail","hentry","category-guncel"],"_links":{"self":[{"href":"https:\/\/www.egemtv.com\/index.php?rest_route=\/wp\/v2\/posts\/20827","targetHints":{"allow":["GET"]}}],"collection":[{"href":"https:\/\/www.egemtv.com\/index.php?rest_route=\/wp\/v2\/posts"}],"about":[{"href":"https:\/\/www.egemtv.com\/index.php?rest_route=\/wp\/v2\/types\/post"}],"author":[{"embeddable":true,"href":"https:\/\/www.egemtv.com\/index.php?rest_route=\/wp\/v2\/users\/1"}],"replies":[{"embeddable":true,"href":"https:\/\/www.egemtv.com\/index.php?rest_route=%2Fwp%2Fv2%2Fcomments&post=20827"}],"version-history":[{"count":1,"href":"https:\/\/www.egemtv.com\/index.php?rest_route=\/wp\/v2\/posts\/20827\/revisions"}],"predecessor-version":[{"id":20832,"href":"https:\/\/www.egemtv.com\/index.php?rest_route=\/wp\/v2\/posts\/20827\/revisions\/20832"}],"wp:featuredmedia":[{"embeddable":true,"href":"https:\/\/www.egemtv.com\/index.php?rest_route=\/wp\/v2\/media\/20828"}],"wp:attachment":[{"href":"https:\/\/www.egemtv.com\/index.php?rest_route=%2Fwp%2Fv2%2Fmedia&parent=20827"}],"wp:term":[{"taxonomy":"category","embeddable":true,"href":"https:\/\/www.egemtv.com\/index.php?rest_route=%2Fwp%2Fv2%2Fcategories&post=20827"},{"taxonomy":"post_tag","embeddable":true,"href":"https:\/\/www.egemtv.com\/index.php?rest_route=%2Fwp%2Fv2%2Ftags&post=20827"}],"curies":[{"name":"wp","href":"https:\/\/api.w.org\/{rel}","templated":true}]}}