{"id":20823,"date":"2025-02-20T11:42:55","date_gmt":"2025-02-20T08:42:55","guid":{"rendered":"https:\/\/www.egemtv.com\/?p=20823"},"modified":"2025-02-20T11:43:03","modified_gmt":"2025-02-20T08:43:03","slug":"muglada-oryantiring-ruzgari-gencler-sampiyonluk-icin-kostu-2","status":"publish","type":"post","link":"https:\/\/www.egemtv.com\/?p=20823","title":{"rendered":"Mu\u011fla\u2019da Oryantiring r\u00fczgar\u0131 gen\u00e7ler \u015fampiyonluk i\u00e7in ko\u015ftu"},"content":{"rendered":"<p>Mu\u011fla Gen\u00e7lik ve Spor \u0130l M\u00fcd\u00fcrl\u00fc\u011f\u00fc taraf\u0131ndan d\u00fczenlenen Gen\u00e7ler A-B K\u0131zlar ve Erkekler Oryantiring \u0130l Birincili\u011fi Yar\u0131\u015flar\u0131, Mente\u015fe K\u0131\u015fla Park\u0131\u2019nda yo\u011fun kat\u0131l\u0131mla ger\u00e7ekle\u015ftirildi.<\/p>\n<p>Do\u011fayla i\u00e7 i\u00e7e ger\u00e7ekle\u015fen organizasyonda sporcular, belirlenen hedefleri en k\u0131sa s\u00fcrede bulabilmek i\u00e7in k\u0131yas\u0131ya m\u00fccadele etti. Heyecan dolu yar\u0131\u015flara kat\u0131lan gen\u00e7 sporcular, hem fiziksel hem de zihinsel becerilerini sergileyerek dereceye girmek i\u00e7in ter d\u00f6kt\u00fc.<\/p>\n<p>Yar\u0131\u015fmalar sonunda dereceye giren sporcular \u00f6d\u00fcllerini al\u0131rken, organizasyon yetkilileri ve antren\u00f6rler gen\u00e7lerin g\u00f6sterdi\u011fi performanstan duyduklar\u0131 memnuniyeti dile getirdi.<br \/><\/p>\n","protected":false},"excerpt":{"rendered":"<p>Mu\u011fla Gen\u00e7lik ve Spor \u0130l M\u00fcd\u00fcrl\u00fc\u011f\u00fc taraf\u0131ndan d\u00fczenlenen Gen\u00e7ler A-B K\u0131zlar ve Erkekler Oryantiring \u0130l Birincili\u011fi Yar\u0131\u015flar\u0131, Mente\u015fe K\u0131\u015fla Park\u0131\u2019nda yo\u011fun kat\u0131l\u0131mla ger\u00e7ekle\u015ftirildi. Do\u011fayla i\u00e7 i\u00e7e ger\u00e7ekle\u015fen organizasyonda sporcular, belirlenen hedefleri en k\u0131sa s\u00fcrede bulabilmek i\u00e7in k\u0131yas\u0131ya m\u00fccadele etti. Heyecan dolu yar\u0131\u015flara kat\u0131lan gen\u00e7 sporcular, hem fiziksel hem de zihinsel becerilerini sergileyerek dereceye girmek i\u00e7in&#8230;<\/p>\n","protected":false},"author":1,"featured_media":20825,"comment_status":"open","ping_status":"open","sticky":false,"template":"","format":"standard","meta":{"_crdt_document":"","footnotes":""},"categories":[4],"tags":[],"class_list":["post-20823","post","type-post","status-publish","format-standard","has-post-thumbnail","hentry","category-spor"],"_links":{"self":[{"href":"https:\/\/www.egemtv.com\/index.php?rest_route=\/wp\/v2\/posts\/20823","targetHints":{"allow":["GET"]}}],"collection":[{"href":"https:\/\/www.egemtv.com\/index.php?rest_route=\/wp\/v2\/posts"}],"about":[{"href":"https:\/\/www.egemtv.com\/index.php?rest_route=\/wp\/v2\/types\/post"}],"author":[{"embeddable":true,"href":"https:\/\/www.egemtv.com\/index.php?rest_route=\/wp\/v2\/users\/1"}],"replies":[{"embeddable":true,"href":"https:\/\/www.egemtv.com\/index.php?rest_route=%2Fwp%2Fv2%2Fcomments&post=20823"}],"version-history":[{"count":1,"href":"https:\/\/www.egemtv.com\/index.php?rest_route=\/wp\/v2\/posts\/20823\/revisions"}],"predecessor-version":[{"id":20829,"href":"https:\/\/www.egemtv.com\/index.php?rest_route=\/wp\/v2\/posts\/20823\/revisions\/20829"}],"wp:featuredmedia":[{"embeddable":true,"href":"https:\/\/www.egemtv.com\/index.php?rest_route=\/wp\/v2\/media\/20825"}],"wp:attachment":[{"href":"https:\/\/www.egemtv.com\/index.php?rest_route=%2Fwp%2Fv2%2Fmedia&parent=20823"}],"wp:term":[{"taxonomy":"category","embeddable":true,"href":"https:\/\/www.egemtv.com\/index.php?rest_route=%2Fwp%2Fv2%2Fcategories&post=20823"},{"taxonomy":"post_tag","embeddable":true,"href":"https:\/\/www.egemtv.com\/index.php?rest_route=%2Fwp%2Fv2%2Ftags&post=20823"}],"curies":[{"name":"wp","href":"https:\/\/api.w.org\/{rel}","templated":true}]}}