{"id":20819,"date":"2025-02-20T11:42:47","date_gmt":"2025-02-20T08:42:47","guid":{"rendered":"https:\/\/www.egemtv.com\/?p=20819"},"modified":"2025-02-20T11:42:55","modified_gmt":"2025-02-20T08:42:55","slug":"kutahya-il-emniyet-muduru-elbirden-alti-nokta-korler-dernegi-kutahya-subesine-anlamli-ziyaret","status":"publish","type":"post","link":"https:\/\/www.egemtv.com\/?p=20819","title":{"rendered":"K\u00fctahya \u0130l Emniyet M\u00fcd\u00fcr\u00fc Elbir\u2019den Alt\u0131 Nokta K\u00f6rler Derne\u011fi K\u00fctahya \u015eubesi\u2019ne anlaml\u0131 ziyaret"},"content":{"rendered":"<p>K\u00fctahya \u0130l Emniyet M\u00fcd\u00fcr\u00fc Osman Elbir, Alt\u0131 Nokta K\u00f6rler Derne\u011fi K\u00fctahya \u015eubesini ziyaret etti.<br \/>\n<br \/>Anlaml\u0131 ziyaretlerinden dolay\u0131 \u0130l Emniyet M\u00fcd\u00fcr\u00fc Osman Elbir ve emniyet te\u015fkilat\u0131 mensuplar\u0131na te\u015fekk\u00fcr eden Alt\u0131 Nokta K\u00f6rler Derne\u011fi K\u00fctahya \u015eube Ba\u015fkan\u0131 \u0130smail Bar\u0131\u015f, &#8220;\u0130l Emniyet M\u00fcd\u00fcr\u00fcm\u00fcz Osman Elbir, K\u00fctahya\u2019ya atanmas\u0131n\u0131n \u00fczerinden k\u0131sa bir s\u00fcre ge\u00e7mesine ra\u011fmen g\u00f6n\u00fcllerde taht kurmaya devam etmektedir. Bug\u00fcn \u015fubemizi ziyaret ederek bizlerin ya\u015fam\u0131\u015f oldu\u011fu problemler \u00fczerine \u00e7\u00f6z\u00fcme y\u00f6nelik fikir al\u0131\u015fveri\u015finde bulunmas\u0131 ve \u00fczerimizde bu deste\u011fi hissettirmesi bizim i\u00e7in \u00e7ok \u00f6nemlidir. \u0130n\u015fallah \u00f6n\u00fcm\u00fczdeki s\u00fcre\u00e7te de K\u00fctahya emniyet te\u015fkilat\u0131m\u0131z ile birlikte toplumumuzda fark\u0131ndal\u0131k olu\u015fturacak projeler ger\u00e7ekle\u015ftirece\u011fiz&#8221; dedi<br \/><\/p>\n","protected":false},"excerpt":{"rendered":"<p>K\u00fctahya \u0130l Emniyet M\u00fcd\u00fcr\u00fc Osman Elbir, Alt\u0131 Nokta K\u00f6rler Derne\u011fi K\u00fctahya \u015eubesini ziyaret etti. Anlaml\u0131 ziyaretlerinden dolay\u0131 \u0130l Emniyet M\u00fcd\u00fcr\u00fc Osman Elbir ve emniyet te\u015fkilat\u0131 mensuplar\u0131na te\u015fekk\u00fcr eden Alt\u0131 Nokta K\u00f6rler Derne\u011fi K\u00fctahya \u015eube Ba\u015fkan\u0131 \u0130smail Bar\u0131\u015f, &#8220;\u0130l Emniyet M\u00fcd\u00fcr\u00fcm\u00fcz Osman Elbir, K\u00fctahya\u2019ya atanmas\u0131n\u0131n \u00fczerinden k\u0131sa bir s\u00fcre ge\u00e7mesine ra\u011fmen g\u00f6n\u00fcllerde taht kurmaya devam etmektedir&#8230;.<\/p>\n","protected":false},"author":1,"featured_media":20820,"comment_status":"open","ping_status":"open","sticky":false,"template":"","format":"standard","meta":{"_crdt_document":"","footnotes":""},"categories":[123],"tags":[],"class_list":["post-20819","post","type-post","status-publish","format-standard","has-post-thumbnail","hentry","category-gundem"],"_links":{"self":[{"href":"https:\/\/www.egemtv.com\/index.php?rest_route=\/wp\/v2\/posts\/20819","targetHints":{"allow":["GET"]}}],"collection":[{"href":"https:\/\/www.egemtv.com\/index.php?rest_route=\/wp\/v2\/posts"}],"about":[{"href":"https:\/\/www.egemtv.com\/index.php?rest_route=\/wp\/v2\/types\/post"}],"author":[{"embeddable":true,"href":"https:\/\/www.egemtv.com\/index.php?rest_route=\/wp\/v2\/users\/1"}],"replies":[{"embeddable":true,"href":"https:\/\/www.egemtv.com\/index.php?rest_route=%2Fwp%2Fv2%2Fcomments&post=20819"}],"version-history":[{"count":1,"href":"https:\/\/www.egemtv.com\/index.php?rest_route=\/wp\/v2\/posts\/20819\/revisions"}],"predecessor-version":[{"id":20822,"href":"https:\/\/www.egemtv.com\/index.php?rest_route=\/wp\/v2\/posts\/20819\/revisions\/20822"}],"wp:featuredmedia":[{"embeddable":true,"href":"https:\/\/www.egemtv.com\/index.php?rest_route=\/wp\/v2\/media\/20820"}],"wp:attachment":[{"href":"https:\/\/www.egemtv.com\/index.php?rest_route=%2Fwp%2Fv2%2Fmedia&parent=20819"}],"wp:term":[{"taxonomy":"category","embeddable":true,"href":"https:\/\/www.egemtv.com\/index.php?rest_route=%2Fwp%2Fv2%2Fcategories&post=20819"},{"taxonomy":"post_tag","embeddable":true,"href":"https:\/\/www.egemtv.com\/index.php?rest_route=%2Fwp%2Fv2%2Ftags&post=20819"}],"curies":[{"name":"wp","href":"https:\/\/api.w.org\/{rel}","templated":true}]}}