{"id":20816,"date":"2025-02-20T11:42:37","date_gmt":"2025-02-20T08:42:37","guid":{"rendered":"https:\/\/www.egemtv.com\/?p=20816"},"modified":"2025-02-20T11:42:46","modified_gmt":"2025-02-20T08:42:46","slug":"otomobil-ile-motosiklet-carpisti-1-yarali-3","status":"publish","type":"post","link":"https:\/\/www.egemtv.com\/?p=20816","title":{"rendered":"Otomobil ile motosiklet \u00e7arp\u0131\u015ft\u0131: 1 yaral\u0131"},"content":{"rendered":"<p>Ayd\u0131n\u2019\u0131n Efeler il\u00e7esinde otomobil ile motosikletin \u00e7arp\u0131\u015fmas\u0131 sonucu meydana gelen kazada 1 ki\u015fi yaraland\u0131.<\/p>\n<p>Kaza, Efeler il\u00e7esi Bat\u0131 Gazi Bulvar\u0131 \u00fczerinde meydana geldi. Edinilen bilgiye g\u00f6re, T.\u015e. idaresindeki 09 ADM 068 plakal\u0131 otomobil, 1902 Sokak\u2019a d\u00f6n\u00fc\u015f yapmak istedi\u011fi esnada E.A. idaresindeki 09 ANL 274 plakal\u0131 motosikletle \u00e7arp\u0131\u015ft\u0131. \u00c7arp\u0131\u015fman\u0131n etkisiyle savrulan motosiklet s\u00fcr\u00fcc\u00fcs\u00fc E.A. ve yolcu konumundaki bir ki\u015fi yere d\u00fc\u015ft\u00fc. Kazada motosiklet s\u00fcr\u00fcc\u00fcs\u00fc yaralan\u0131rken, \u00e7evredeki vatanda\u015flar durumu 112 Acil \u00c7a\u011fr\u0131 Merkezi\u2019ne bildirdi. \u0130hbar \u00fczerine b\u00f6lgeye polis ve sa\u011fl\u0131k ekipleri sevk edildi. K\u0131sa s\u00fcrede olay yerine gelen sa\u011fl\u0131k ekipleri yaral\u0131y\u0131, ilk m\u00fcdahalenin ard\u0131ndan ambulansla hastaneye kald\u0131rd\u0131.<\/p>\n<p>Yaral\u0131 E.A.\u2019n\u0131n hayati tehlikesinin bulunmad\u0131\u011f\u0131 \u00f6\u011frenilirken, kazayla ilgili inceleme ba\u015flat\u0131ld\u0131.<br \/><\/p>\n","protected":false},"excerpt":{"rendered":"<p>Ayd\u0131n\u2019\u0131n Efeler il\u00e7esinde otomobil ile motosikletin \u00e7arp\u0131\u015fmas\u0131 sonucu meydana gelen kazada 1 ki\u015fi yaraland\u0131. Kaza, Efeler il\u00e7esi Bat\u0131 Gazi Bulvar\u0131 \u00fczerinde meydana geldi. Edinilen bilgiye g\u00f6re, T.\u015e. idaresindeki 09 ADM 068 plakal\u0131 otomobil, 1902 Sokak\u2019a d\u00f6n\u00fc\u015f yapmak istedi\u011fi esnada E.A. idaresindeki 09 ANL 274 plakal\u0131 motosikletle \u00e7arp\u0131\u015ft\u0131. \u00c7arp\u0131\u015fman\u0131n etkisiyle savrulan motosiklet s\u00fcr\u00fcc\u00fcs\u00fc E.A. ve yolcu&#8230;<\/p>\n","protected":false},"author":1,"featured_media":20817,"comment_status":"open","ping_status":"open","sticky":false,"template":"","format":"standard","meta":{"_crdt_document":"","footnotes":""},"categories":[5],"tags":[],"class_list":["post-20816","post","type-post","status-publish","format-standard","has-post-thumbnail","hentry","category-asayis"],"_links":{"self":[{"href":"https:\/\/www.egemtv.com\/index.php?rest_route=\/wp\/v2\/posts\/20816","targetHints":{"allow":["GET"]}}],"collection":[{"href":"https:\/\/www.egemtv.com\/index.php?rest_route=\/wp\/v2\/posts"}],"about":[{"href":"https:\/\/www.egemtv.com\/index.php?rest_route=\/wp\/v2\/types\/post"}],"author":[{"embeddable":true,"href":"https:\/\/www.egemtv.com\/index.php?rest_route=\/wp\/v2\/users\/1"}],"replies":[{"embeddable":true,"href":"https:\/\/www.egemtv.com\/index.php?rest_route=%2Fwp%2Fv2%2Fcomments&post=20816"}],"version-history":[{"count":1,"href":"https:\/\/www.egemtv.com\/index.php?rest_route=\/wp\/v2\/posts\/20816\/revisions"}],"predecessor-version":[{"id":20818,"href":"https:\/\/www.egemtv.com\/index.php?rest_route=\/wp\/v2\/posts\/20816\/revisions\/20818"}],"wp:featuredmedia":[{"embeddable":true,"href":"https:\/\/www.egemtv.com\/index.php?rest_route=\/wp\/v2\/media\/20817"}],"wp:attachment":[{"href":"https:\/\/www.egemtv.com\/index.php?rest_route=%2Fwp%2Fv2%2Fmedia&parent=20816"}],"wp:term":[{"taxonomy":"category","embeddable":true,"href":"https:\/\/www.egemtv.com\/index.php?rest_route=%2Fwp%2Fv2%2Fcategories&post=20816"},{"taxonomy":"post_tag","embeddable":true,"href":"https:\/\/www.egemtv.com\/index.php?rest_route=%2Fwp%2Fv2%2Ftags&post=20816"}],"curies":[{"name":"wp","href":"https:\/\/api.w.org\/{rel}","templated":true}]}}