{"id":20812,"date":"2025-02-20T11:16:47","date_gmt":"2025-02-20T08:16:47","guid":{"rendered":"https:\/\/www.egemtv.com\/?p=20812"},"modified":"2025-02-20T11:16:51","modified_gmt":"2025-02-20T08:16:51","slug":"iki-kisiyi-bicaklayip-arabalariyla-kactilar-2","status":"publish","type":"post","link":"https:\/\/www.egemtv.com\/?p=20812","title":{"rendered":"\u0130ki ki\u015fiyi b\u0131\u00e7aklay\u0131p arabalar\u0131yla ka\u00e7t\u0131lar"},"content":{"rendered":"<p>Denizli\u2019de aralar\u0131nda \u00e7\u0131kan b\u0131\u00e7akl\u0131 kavgada 2 ki\u015fiyi b\u0131\u00e7akla yaralayan bir grup ara\u00e7la olay yerinden ka\u00e7t\u0131. olayda yaralananlardan birinin durumunun a\u011f\u0131r oldu\u011fu \u00f6\u011frenildi.<\/p>\n<p>Olay, Pamukkale il\u00e7esi K\u0131n\u0131kl\u0131 Mahallesi H\u00fcseyin Y\u0131lmaz Caddesi \u00fczerinde meydana geldi. Edinilen bilgilere g\u00f6re, iki grubun aras\u0131nda hen\u00fcz belirlenemeyen bir nedenden dolay\u0131 tart\u0131\u015fma \u00e7\u0131kt\u0131. Tart\u0131\u015fman\u0131n kavgaya d\u00f6n\u00fc\u015fmesi \u00fczerine kimli\u011fi belirsiz ki\u015filer yanlar\u0131ndaki b\u0131\u00e7akla tart\u0131\u015ft\u0131klar\u0131 gruptan iki ki\u015fiyi yaralad\u0131. Olay\u0131 g\u00f6ren vatanda\u015flar\u0131n ihbar\u0131 \u00fczerine b\u00f6lgeye sa\u011fl\u0131k ve polis ekipleri sevk edildi. Olay yerinde ilk m\u00fcdahaleleri tamamlanan iki yaral\u0131 ambulansla hastaneye sevk edildi. Yaral\u0131lardan birinin durumunun ciddiyetini korudu\u011fu \u00f6\u011frenildi. Olay\u0131 ger\u00e7ekle\u015ftiren kimli\u011fi belirsiz \u015f\u00fcpheliler ise otomobilleri ile olay yerinden ka\u00e7t\u0131\u011f\u0131 \u00f6\u011frenildi. \u015e\u00fcphelilerin yakalanmas\u0131 i\u00e7in ekiplerin \u00e7al\u0131\u015fma ba\u015flatt\u0131\u011f\u0131 belirtildi.<\/p>\n<p>Olayla ilgili soru\u015fturma ba\u015flat\u0131ld\u0131.<br \/><\/p>\n","protected":false},"excerpt":{"rendered":"<p>Denizli\u2019de aralar\u0131nda \u00e7\u0131kan b\u0131\u00e7akl\u0131 kavgada 2 ki\u015fiyi b\u0131\u00e7akla yaralayan bir grup ara\u00e7la olay yerinden ka\u00e7t\u0131. olayda yaralananlardan birinin durumunun a\u011f\u0131r oldu\u011fu \u00f6\u011frenildi. Olay, Pamukkale il\u00e7esi K\u0131n\u0131kl\u0131 Mahallesi H\u00fcseyin Y\u0131lmaz Caddesi \u00fczerinde meydana geldi. Edinilen bilgilere g\u00f6re, iki grubun aras\u0131nda hen\u00fcz belirlenemeyen bir nedenden dolay\u0131 tart\u0131\u015fma \u00e7\u0131kt\u0131. Tart\u0131\u015fman\u0131n kavgaya d\u00f6n\u00fc\u015fmesi \u00fczerine kimli\u011fi belirsiz ki\u015filer yanlar\u0131ndaki b\u0131\u00e7akla&#8230;<\/p>\n","protected":false},"author":1,"featured_media":20813,"comment_status":"open","ping_status":"open","sticky":false,"template":"","format":"standard","meta":{"_crdt_document":"","footnotes":""},"categories":[5],"tags":[],"class_list":["post-20812","post","type-post","status-publish","format-standard","has-post-thumbnail","hentry","category-asayis"],"_links":{"self":[{"href":"https:\/\/www.egemtv.com\/index.php?rest_route=\/wp\/v2\/posts\/20812","targetHints":{"allow":["GET"]}}],"collection":[{"href":"https:\/\/www.egemtv.com\/index.php?rest_route=\/wp\/v2\/posts"}],"about":[{"href":"https:\/\/www.egemtv.com\/index.php?rest_route=\/wp\/v2\/types\/post"}],"author":[{"embeddable":true,"href":"https:\/\/www.egemtv.com\/index.php?rest_route=\/wp\/v2\/users\/1"}],"replies":[{"embeddable":true,"href":"https:\/\/www.egemtv.com\/index.php?rest_route=%2Fwp%2Fv2%2Fcomments&post=20812"}],"version-history":[{"count":1,"href":"https:\/\/www.egemtv.com\/index.php?rest_route=\/wp\/v2\/posts\/20812\/revisions"}],"predecessor-version":[{"id":20815,"href":"https:\/\/www.egemtv.com\/index.php?rest_route=\/wp\/v2\/posts\/20812\/revisions\/20815"}],"wp:featuredmedia":[{"embeddable":true,"href":"https:\/\/www.egemtv.com\/index.php?rest_route=\/wp\/v2\/media\/20813"}],"wp:attachment":[{"href":"https:\/\/www.egemtv.com\/index.php?rest_route=%2Fwp%2Fv2%2Fmedia&parent=20812"}],"wp:term":[{"taxonomy":"category","embeddable":true,"href":"https:\/\/www.egemtv.com\/index.php?rest_route=%2Fwp%2Fv2%2Fcategories&post=20812"},{"taxonomy":"post_tag","embeddable":true,"href":"https:\/\/www.egemtv.com\/index.php?rest_route=%2Fwp%2Fv2%2Ftags&post=20812"}],"curies":[{"name":"wp","href":"https:\/\/api.w.org\/{rel}","templated":true}]}}