{"id":20806,"date":"2025-02-20T11:16:42","date_gmt":"2025-02-20T08:16:42","guid":{"rendered":"https:\/\/www.egemtv.com\/?p=20806"},"modified":"2025-02-20T11:16:46","modified_gmt":"2025-02-20T08:16:46","slug":"kulali-ozel-ogrenciler-futsal-yari-finallerinde-manisayi-temsil-edecek-2","status":"publish","type":"post","link":"https:\/\/www.egemtv.com\/?p=20806","title":{"rendered":"Kulal\u0131 \u00f6zel \u00f6\u011frenciler futsal yar\u0131 finallerinde Manisa\u2019y\u0131 temsil edecek"},"content":{"rendered":"<p>Germiyano\u011fullar\u0131 Mesleki ve Teknik Anadolu Lisesi \u00f6zel e\u011fitim s\u0131n\u0131f\u0131 \u00f6\u011frencileri, Manisa\u2019da d\u00fczenlenen futsal m\u00fcsabakalar\u0131nda Manisa il birincisi oldu. \u00d6zel \u00f6\u011frenciler, g\u00f6sterdikleri bu ba\u015far\u0131 ile T\u00fcrkiye yar\u0131 finallerine de kat\u0131lmaya hak kazand\u0131.<br \/>\n<br \/>Sadece e\u011fitim faaliyetlerinde de\u011fil, sportif faaliyetlerde de ad\u0131ndan s\u0131k\u00e7a s\u00f6z ettiren bir kurum olan Germiyano\u011fullar\u0131 Mesleki ve Teknik Anadolu Lisesi\u2019nin \u00f6zel e\u011fitim s\u0131n\u0131f\u0131 \u00f6\u011frencileri, ge\u00e7ti\u011fimiz g\u00fcnlerde Manisa\u2019da d\u00fczenlenen futsal m\u00fcsabakalar\u0131nda b\u00fcy\u00fck bir ba\u015far\u0131 g\u00f6sterdi. Rakiplerinin birer birer ma\u011flup ederek il finallerine y\u00fckselen \u00f6zel \u00f6\u011frenciler, ayn\u0131 ba\u015far\u0131y\u0131 burada da g\u00f6sterdi ve futsalda Manisa il birincisi olmay\u0131 ba\u015fard\u0131. B\u00fcy\u00fck bir ba\u015far\u0131ya imza atan \u00f6zel \u00f6\u011frenciler, bu ba\u015far\u0131s\u0131 ile T\u00fcrkiye yar\u0131 finallerine de kat\u0131lmaya hak kazand\u0131.<br \/>\n<br \/>Bu \u00f6nemli ba\u015far\u0131n\u0131n, sporun birle\u015ftirici g\u00fcc\u00fcn\u00fc bir kez daha g\u00f6zler \u00f6n\u00fcne serdi\u011fini dile getiren Germiyano\u011fullar\u0131 Mesleki ve Teknik Anadolu Lisesi M\u00fcd\u00fcr\u00fc Ahmet Ali Okumu\u015f, \u00f6\u011frencilerin azimleri ve tak\u0131m ruhuyla turnuvan\u0131n en dikkat \u00e7eken tak\u0131mlar\u0131ndan biri oldu\u011funu ve bu ba\u015far\u0131y\u0131 sonuna kadar hak ettiklerini s\u00f6yledi. \u00d6\u011frencilerin disiplinli \u00e7al\u0131\u015fmalar\u0131 ve \u00f6zverileri sayesinde bu ba\u015far\u0131ya ula\u015ft\u0131klar\u0131n\u0131 belirten Okumu\u015f, \u00f6zel \u00f6\u011frencilerinin sporda engellerin olmad\u0131\u011f\u0131n\u0131 herkese kan\u0131tlad\u0131\u011f\u0131n\u0131 ve T\u00fcrkiye yar\u0131 finallerinde de en iyi \u015fekilde m\u00fccadele edeceklerine inand\u0131klar\u0131n\u0131 ifade ederek hem \u00f6\u011frencilerini hem de eme\u011fi ge\u00e7en \u00f6\u011fretmenlerini tebrik etti.<br \/><\/p>\n","protected":false},"excerpt":{"rendered":"<p>Germiyano\u011fullar\u0131 Mesleki ve Teknik Anadolu Lisesi \u00f6zel e\u011fitim s\u0131n\u0131f\u0131 \u00f6\u011frencileri, Manisa\u2019da d\u00fczenlenen futsal m\u00fcsabakalar\u0131nda Manisa il birincisi oldu. \u00d6zel \u00f6\u011frenciler, g\u00f6sterdikleri bu ba\u015far\u0131 ile T\u00fcrkiye yar\u0131 finallerine de kat\u0131lmaya hak kazand\u0131. Sadece e\u011fitim faaliyetlerinde de\u011fil, sportif faaliyetlerde de ad\u0131ndan s\u0131k\u00e7a s\u00f6z ettiren bir kurum olan Germiyano\u011fullar\u0131 Mesleki ve Teknik Anadolu Lisesi\u2019nin \u00f6zel e\u011fitim s\u0131n\u0131f\u0131 \u00f6\u011frencileri,&#8230;<\/p>\n","protected":false},"author":1,"featured_media":20807,"comment_status":"open","ping_status":"open","sticky":false,"template":"","format":"standard","meta":{"_crdt_document":"","footnotes":""},"categories":[1],"tags":[],"class_list":["post-20806","post","type-post","status-publish","format-standard","has-post-thumbnail","hentry","category-guncel"],"_links":{"self":[{"href":"https:\/\/www.egemtv.com\/index.php?rest_route=\/wp\/v2\/posts\/20806","targetHints":{"allow":["GET"]}}],"collection":[{"href":"https:\/\/www.egemtv.com\/index.php?rest_route=\/wp\/v2\/posts"}],"about":[{"href":"https:\/\/www.egemtv.com\/index.php?rest_route=\/wp\/v2\/types\/post"}],"author":[{"embeddable":true,"href":"https:\/\/www.egemtv.com\/index.php?rest_route=\/wp\/v2\/users\/1"}],"replies":[{"embeddable":true,"href":"https:\/\/www.egemtv.com\/index.php?rest_route=%2Fwp%2Fv2%2Fcomments&post=20806"}],"version-history":[{"count":1,"href":"https:\/\/www.egemtv.com\/index.php?rest_route=\/wp\/v2\/posts\/20806\/revisions"}],"predecessor-version":[{"id":20811,"href":"https:\/\/www.egemtv.com\/index.php?rest_route=\/wp\/v2\/posts\/20806\/revisions\/20811"}],"wp:featuredmedia":[{"embeddable":true,"href":"https:\/\/www.egemtv.com\/index.php?rest_route=\/wp\/v2\/media\/20807"}],"wp:attachment":[{"href":"https:\/\/www.egemtv.com\/index.php?rest_route=%2Fwp%2Fv2%2Fmedia&parent=20806"}],"wp:term":[{"taxonomy":"category","embeddable":true,"href":"https:\/\/www.egemtv.com\/index.php?rest_route=%2Fwp%2Fv2%2Fcategories&post=20806"},{"taxonomy":"post_tag","embeddable":true,"href":"https:\/\/www.egemtv.com\/index.php?rest_route=%2Fwp%2Fv2%2Ftags&post=20806"}],"curies":[{"name":"wp","href":"https:\/\/api.w.org\/{rel}","templated":true}]}}