{"id":20759,"date":"2025-02-20T10:30:13","date_gmt":"2025-02-20T07:30:13","guid":{"rendered":"https:\/\/www.egemtv.com\/?p=20759"},"modified":"2025-02-20T10:30:17","modified_gmt":"2025-02-20T07:30:17","slug":"usak-universitesinden-toplumda-suclarin-azaltilmasina-yonelik-onemli-bir-is-birligi","status":"publish","type":"post","link":"https:\/\/www.egemtv.com\/?p=20759","title":{"rendered":"U\u015fak \u00dcniversitesinden toplumda su\u00e7lar\u0131n azalt\u0131lmas\u0131na y\u00f6nelik \u00f6nemli bir i\u015f birli\u011fi"},"content":{"rendered":"<p>U\u015fak Cumhuriyet Ba\u015fsavc\u0131l\u0131\u011f\u0131 ile U\u015fak \u00dcniversitesi aras\u0131nda \u2019Denetimli Serbestlik Hizmetleri\u2019 alan\u0131nda i\u015f birli\u011fi protokol\u00fc imzaland\u0131.<\/p>\n<p>\u00d6nemli bir toplumsal katk\u0131 sa\u011flayacak olan bu protokol, denetimli serbestlik tedbiri uygulanan y\u00fck\u00fcml\u00fclere ve eski h\u00fck\u00fcml\u00fclere ki\u015fisel geli\u015fim ve iyile\u015ftirme sa\u011flamay\u0131 ama\u00e7l\u0131yor. Verilen e\u011fitimlerle, su\u00e7 i\u015flemelerinin \u00f6n\u00fcne ge\u00e7ilmesi ve bu ki\u015filerin topluma yeniden kazand\u0131r\u0131lmas\u0131 hedefleniyor.<\/p>\n<p>Protokol kapsam\u0131nda bir\u00e7ok \u00f6nemli faaliyetin ger\u00e7ekle\u015ftirilece\u011fini belirten Rekt\u00f6r Prof. Dr. Sava\u015f, &#8220;Bu faaliyetler aras\u0131nda e\u011fitim ve iyile\u015ftirme faaliyetleri, \u00e7ocuklara y\u00f6nelik \u00e7al\u0131\u015fmalar, ba\u011f\u0131ml\u0131l\u0131kla m\u00fccadele, sosyal ve k\u00fclt\u00fcrel faaliyetler gibi geni\u015f bir yelpazede projeler yer alacak. Ayn\u0131 zamanda, denetimli serbestlik m\u00fcd\u00fcrl\u00fc\u011f\u00fc personeline y\u00f6nelik destekleyici e\u011fitim programlar\u0131 da geli\u015ftirilecek. Bu t\u00fcr i\u015f birlikleri, toplumun refah\u0131 ve huzuru i\u00e7in \u00f6nemli bir ad\u0131m. Toplumda su\u00e7lar\u0131n azalt\u0131lmas\u0131 ve eski h\u00fck\u00fcml\u00fclerin topluma yeniden kazand\u0131r\u0131lmas\u0131 konusundaki bu t\u00fcr projelerin daha fazla yayg\u0131nla\u015fmas\u0131, toplumun genel iyile\u015fmesi i\u00e7in faydal\u0131 olacakt\u0131r\u2019\u2019 ifadelerini kulland\u0131.<\/p>\n<p>U\u015fak Cumhuriyet Ba\u015fsavc\u0131s\u0131 \u0130smet \u00c7\u0131nar ise yapt\u0131\u011f\u0131 a\u00e7\u0131klamada, protokol\u00fcn U\u015fak\u2019a hay\u0131rl\u0131 olmas\u0131n\u0131 dileyerek, &#8220;Denetimli serbestlik s\u00fcrecindeki bireylerin topluma yeniden kazand\u0131r\u0131lmas\u0131 ve su\u00e7a meyilli bireylerin rehabilite edilmesi i\u00e7in bu i\u015f birli\u011finin \u00e7ok k\u0131ymetli oldu\u011funu d\u00fc\u015f\u00fcn\u00fcyoruz. \u00dcniversite deste\u011fi ile y\u00fcr\u00fct\u00fclecek e\u011fitim ve rehabilitasyon faaliyetleri, toplumun huzuruna katk\u0131 sa\u011flayacakt\u0131r&#8221; \u015feklinde konu\u015ftu.<br \/><\/p>\n","protected":false},"excerpt":{"rendered":"<p>U\u015fak Cumhuriyet Ba\u015fsavc\u0131l\u0131\u011f\u0131 ile U\u015fak \u00dcniversitesi aras\u0131nda \u2019Denetimli Serbestlik Hizmetleri\u2019 alan\u0131nda i\u015f birli\u011fi protokol\u00fc imzaland\u0131. \u00d6nemli bir toplumsal katk\u0131 sa\u011flayacak olan bu protokol, denetimli serbestlik tedbiri uygulanan y\u00fck\u00fcml\u00fclere ve eski h\u00fck\u00fcml\u00fclere ki\u015fisel geli\u015fim ve iyile\u015ftirme sa\u011flamay\u0131 ama\u00e7l\u0131yor. Verilen e\u011fitimlerle, su\u00e7 i\u015flemelerinin \u00f6n\u00fcne ge\u00e7ilmesi ve bu ki\u015filerin topluma yeniden kazand\u0131r\u0131lmas\u0131 hedefleniyor. Protokol kapsam\u0131nda bir\u00e7ok \u00f6nemli faaliyetin&#8230;<\/p>\n","protected":false},"author":1,"featured_media":20761,"comment_status":"open","ping_status":"open","sticky":false,"template":"","format":"standard","meta":{"_crdt_document":"","footnotes":""},"categories":[1],"tags":[],"class_list":["post-20759","post","type-post","status-publish","format-standard","has-post-thumbnail","hentry","category-guncel"],"_links":{"self":[{"href":"https:\/\/www.egemtv.com\/index.php?rest_route=\/wp\/v2\/posts\/20759","targetHints":{"allow":["GET"]}}],"collection":[{"href":"https:\/\/www.egemtv.com\/index.php?rest_route=\/wp\/v2\/posts"}],"about":[{"href":"https:\/\/www.egemtv.com\/index.php?rest_route=\/wp\/v2\/types\/post"}],"author":[{"embeddable":true,"href":"https:\/\/www.egemtv.com\/index.php?rest_route=\/wp\/v2\/users\/1"}],"replies":[{"embeddable":true,"href":"https:\/\/www.egemtv.com\/index.php?rest_route=%2Fwp%2Fv2%2Fcomments&post=20759"}],"version-history":[{"count":1,"href":"https:\/\/www.egemtv.com\/index.php?rest_route=\/wp\/v2\/posts\/20759\/revisions"}],"predecessor-version":[{"id":20763,"href":"https:\/\/www.egemtv.com\/index.php?rest_route=\/wp\/v2\/posts\/20759\/revisions\/20763"}],"wp:featuredmedia":[{"embeddable":true,"href":"https:\/\/www.egemtv.com\/index.php?rest_route=\/wp\/v2\/media\/20761"}],"wp:attachment":[{"href":"https:\/\/www.egemtv.com\/index.php?rest_route=%2Fwp%2Fv2%2Fmedia&parent=20759"}],"wp:term":[{"taxonomy":"category","embeddable":true,"href":"https:\/\/www.egemtv.com\/index.php?rest_route=%2Fwp%2Fv2%2Fcategories&post=20759"},{"taxonomy":"post_tag","embeddable":true,"href":"https:\/\/www.egemtv.com\/index.php?rest_route=%2Fwp%2Fv2%2Ftags&post=20759"}],"curies":[{"name":"wp","href":"https:\/\/api.w.org\/{rel}","templated":true}]}}