{"id":20756,"date":"2025-02-20T10:30:07","date_gmt":"2025-02-20T07:30:07","guid":{"rendered":"https:\/\/www.egemtv.com\/?p=20756"},"modified":"2025-02-20T10:30:13","modified_gmt":"2025-02-20T07:30:13","slug":"egiadda-guncel-ekonomik-gelismeler-degerlendirildi","status":"publish","type":"post","link":"https:\/\/www.egemtv.com\/?p=20756","title":{"rendered":"EG\u0130AD\u2019da g\u00fcncel ekonomik geli\u015fmeler de\u011ferlendirildi"},"content":{"rendered":"<p>Ege Gen\u00e7 \u0130\u015f \u0130nsanlar\u0131 Derne\u011fi EG\u0130AD, T\u00fcrkiye\u2019nin \u00f6nc\u00fc yat\u0131r\u0131m hizmetleri ve varl\u0131k y\u00f6netimi grubu \u00dcNL\u00dc &amp; Co\u2019nun bilgilendirme ve de\u011ferlendirmelerde bulundu\u011fu &#8220;Ekonomik Beklentiler ve Aktif-Pasif Y\u00f6netiminde Kilit Noktalar&#8221; ba\u015fl\u0131kl\u0131 toplant\u0131ya ev sahipli\u011fi yapt\u0131.<br \/>\n<br \/>Gen\u00e7 i\u015f insanlar\u0131n\u0131n yo\u011fun ilgisiyle d\u00fczenlenen ve g\u00fcncel ekonomik geli\u015fmelerin de\u011ferlendirildi\u011fi etkinlikte, DAHA Kurumsal Sat\u0131\u015f &amp; Hazine \u00c7\u00f6z\u00fcmleri Direkt\u00f6r\u00fc \u00d6zlem \u00c7elen ve \u00dcnl\u00fc Menkul De\u011ferler Ara\u015ft\u0131rma Direkt\u00f6r\u00fc Tolga Kudalo\u011flu, kat\u0131l\u0131mc\u0131lara finansal planlama, risk y\u00f6netimi ve piyasa dinamiklerine ili\u015fkin \u00f6nemli bilgiler sundu. Toplant\u0131n\u0131n a\u00e7\u0131l\u0131\u015f konu\u015fmas\u0131n\u0131 yapan EG\u0130AD Y\u00f6netim Kurulu Ba\u015fkan\u0131 Kaan \u00d6zhelvac\u0131, derne\u011fin \u00f6n\u00fcm\u00fczdeki d\u00f6nemdeki \u00e7al\u0131\u015fma prensipleri ve vizyonuna dair bilgiler payla\u015ft\u0131. EG\u0130AD olarak, yeni d\u00f6nemde \u00fcyelerin geli\u015fimini ve toplumsal etkiyi temel alan bir yakla\u015f\u0131mla faaliyet g\u00f6stereceklerini, \u00fcyelerin her bir ticari ba\u015far\u0131n\u0131n ard\u0131nda &#8220;EG\u0130AD Sayesinde&#8221; ifadesini duymak, toplumsal olarak ise \u00fc\u00e7\u00fcz d\u00f6n\u00fc\u015f\u00fcm \u00e7er\u00e7evesinde etki yapmak hedefiyle hareket ettiklerini vurgulad\u0131. \u00d6zhelvac\u0131, &#8220;Yenilik\u00e7i Y\u0131k\u0131m&#8221; olarak adland\u0131r\u0131lan s\u00fcrecin h\u0131zland\u0131\u011f\u0131n\u0131, ekonomilerde ve i\u015f d\u00fcnyas\u0131nda, eski ve verimsiz sistemlerin, i\u015f modellerinin, teknolojilerin veya mesleklerin yerini h\u0131zla daha yenilik\u00e7i ve verimli olanlar\u0131n alaca\u011f\u0131n\u0131 s\u00f6yleyerek, bu s\u00fcrece haz\u0131rl\u0131kl\u0131 olunmas\u0131 gerekti\u011fini ifade etti.<\/p>\n<p>Finansal y\u00f6netim stratejileri konu\u015fuldu<br \/>\n<br \/>Konferans\u0131n ana temas\u0131 olan ekonomik belirsizlikler ve \u015firketlerin finansal y\u00f6netim stratejileri konusunda a\u00e7\u0131klamalarda bulunan \u00d6zhelvac\u0131, d\u00fcnyadaki belirsizlikleri tan\u0131mlamak i\u00e7in yeni kavramlar\u0131n ortaya \u00e7\u0131kt\u0131\u011f\u0131n\u0131 ifade etti. Geleneksel VUCA (De\u011fi\u015fkenlik, Belirsizlik, Karma\u015f\u0131kl\u0131k, Mu\u011flakl\u0131k) kavram\u0131n\u0131n yan\u0131 s\u0131ra, yeni d\u00f6nemde BANI (K\u0131r\u0131lgan, Kayg\u0131l\u0131, Do\u011frusal Olmayan, Anla\u015f\u0131lmaz) terimlerinin de kullan\u0131lmaya ba\u015fland\u0131\u011f\u0131n\u0131 belirtti. \u0130\u015f insanlar\u0131n\u0131n mevcut ekonomik geli\u015fmeler i\u00e7inde riskleri iyi anlamas\u0131 ve gelece\u011fe y\u00f6nelik do\u011fru ad\u0131mlar atmas\u0131 gerekti\u011fini dile getirdi. Ayr\u0131ca, k\u00fcresel sistemde artan jeopolitik belirsizlikler, ABD\u2019de yeni y\u00f6netimin g\u00f6reve gelmesiyle g\u00fcndeme gelebilecek ticaret sava\u015flar\u0131 ve dijital d\u00f6n\u00fc\u015f\u00fcm rekabetinin d\u00fcnya \u00f6l\u00e7e\u011findeki ekonomik geli\u015fmeleri belirleyen hususlar oldu\u011funu vurgulad\u0131.<\/p>\n<p>&#8220;Yat\u0131r\u0131m dostu politikalar \u00e7ok \u00f6nemli&#8221;<br \/>\n<br \/>\u00d6zhelvac\u0131, 2025 y\u0131l\u0131na y\u00f6nelik ekonomik beklentileri de de\u011ferlendirerek, \u00fclkemizde dezenflasyon s\u00fcrecinin 2025 y\u0131l\u0131nda h\u0131zlanarak artmas\u0131 i\u00e7in enflasyonla m\u00fccadelede daha etkin y\u00f6ntemlere ihtiya\u00e7 oldu\u011funun g\u00f6r\u00fcld\u00fc\u011f\u00fcn\u00fc belirtti. S\u0131k\u0131 para politikas\u0131n\u0131n, mali politikalar ve yap\u0131sal reformlarla desteklenmesi gerekti\u011fini ifade ederek &#8220;K\u00fcresel rekabette geri kalmamak i\u00e7in ekonomik istikrar, \u00f6ng\u00f6r\u00fclebilir ve yat\u0131r\u0131m dostu politikalar\u0131n kritik \u00f6neme sahip oldu\u011funu s\u00f6yleyebiliriz&#8221; dedi.<\/p>\n<p>&#8220;\u0130novasyon ve beceri odakl\u0131 bir e\u011fitim kritik \u00f6neme sahip&#8221;<br \/>\n<br \/>Teknolojik d\u00f6n\u00fc\u015f\u00fcm\u00fcn \u00e7ok daha fazla \u00f6nem kazand\u0131\u011f\u0131n\u0131 da belirten \u00d6zhelvac\u0131, ye\u015fil ve dijital d\u00f6n\u00fc\u015f\u00fcm\u00fc destekleyerek yapay zek\u00e2 ve yeni teknolojilerin \u00fcretim s\u00fcre\u00e7lerine entegre edilmesi gerekti\u011fini vurgulad\u0131. EG\u0130AD Y\u00f6netim Kurulu Ba\u015fkan\u0131 M. Kaan \u00d6zhelvac\u0131, \u00f6n\u00fcm\u00fczdeki ekonomik s\u00fcrecin i\u015f insanlar\u0131 i\u00e7in zorluklar\u0131 ve f\u0131rsatlar\u0131 bir arada bar\u0131nd\u0131rd\u0131\u011f\u0131n\u0131 belirterek, EG\u0130AD olarak bu s\u00fcre\u00e7te \u00fcyelerinin yan\u0131nda olacaklar\u0131n\u0131 vurgulayarak,  &#8220;EG\u0130AD olarak, b\u00f6yle bir belirsizlik ortam\u0131nda, gelecek i\u00e7in daha az endi\u015fe duymak, gelece\u011fin kazananlar\u0131 aras\u0131nda yer alabilmek i\u00e7in dayan\u0131\u015fma i\u00e7inde olman\u0131n, i\u015fletmelerimizin gelece\u011fiyle ilgili kararlarda veriye ve bilgiye dayal\u0131 hareket etmenin \u00e7ok \u00f6nemli oldu\u011funa inan\u0131yoruz.&#8221; \u015feklinde konu\u015ftu. \u00d6zhelvac\u0131 toplant\u0131da, ye\u015fil ve dijital d\u00f6n\u00fc\u015f\u00fcm\u00fcn yan\u0131 s\u0131ra bir &#8220;toplumsal d\u00f6n\u00fc\u015f\u00fcm&#8221; s\u00fcreci, dolay\u0131s\u0131 ile bir \u00fc\u00e7\u00fcz d\u00f6n\u00fc\u015f\u00fcm ger\u00e7ekle\u015ftirmenin de \u00f6nemli oldu\u011fu belirtilerek, bilim, inovasyon ve beceri odakl\u0131 bir e\u011fitim sisteminin olu\u015fturulmas\u0131n\u0131n, \u00fclkedeki ekonomik rekabet g\u00fcc\u00fcn\u00fc art\u0131racak en kritik unsurlardan biri oldu\u011fu ifade etti.<br \/>\n<br \/>Toplant\u0131n\u0131n devam\u0131nda \u00dcnl\u00fc &amp; Co yetkilileri, mevcut ekonomik \u015fartlar alt\u0131nda \u015firketlerin aktif ve pasif y\u00f6netimi konusunda dikkat etmeleri gereken noktalar\u0131 ele ald\u0131. DAHA Kurumsal Sat\u0131\u015f &amp; Hazine \u00c7\u00f6z\u00fcmleri Direkt\u00f6r\u00fc \u00d6zlem \u00c7elen ve \u00dcnl\u00fc Menkul De\u011ferler Ara\u015ft\u0131rma Direkt\u00f6r\u00fc Tolga Kudalo\u011flu, kat\u0131l\u0131mc\u0131lara finansal planlama, risk y\u00f6netimi ve piyasa dinamiklerine ili\u015fkin \u00f6nemli bilgiler sundu.<br \/><\/p>\n","protected":false},"excerpt":{"rendered":"<p>Ege Gen\u00e7 \u0130\u015f \u0130nsanlar\u0131 Derne\u011fi EG\u0130AD, T\u00fcrkiye\u2019nin \u00f6nc\u00fc yat\u0131r\u0131m hizmetleri ve varl\u0131k y\u00f6netimi grubu \u00dcNL\u00dc &amp; Co\u2019nun bilgilendirme ve de\u011ferlendirmelerde bulundu\u011fu &#8220;Ekonomik Beklentiler ve Aktif-Pasif Y\u00f6netiminde Kilit Noktalar&#8221; ba\u015fl\u0131kl\u0131 toplant\u0131ya ev sahipli\u011fi yapt\u0131. Gen\u00e7 i\u015f insanlar\u0131n\u0131n yo\u011fun ilgisiyle d\u00fczenlenen ve g\u00fcncel ekonomik geli\u015fmelerin de\u011ferlendirildi\u011fi etkinlikte, DAHA Kurumsal Sat\u0131\u015f &amp; Hazine \u00c7\u00f6z\u00fcmleri Direkt\u00f6r\u00fc \u00d6zlem \u00c7elen ve&#8230;<\/p>\n","protected":false},"author":1,"featured_media":20757,"comment_status":"open","ping_status":"open","sticky":false,"template":"","format":"standard","meta":{"_crdt_document":"","footnotes":""},"categories":[125],"tags":[],"class_list":["post-20756","post","type-post","status-publish","format-standard","has-post-thumbnail","hentry","category-ekonomi"],"_links":{"self":[{"href":"https:\/\/www.egemtv.com\/index.php?rest_route=\/wp\/v2\/posts\/20756","targetHints":{"allow":["GET"]}}],"collection":[{"href":"https:\/\/www.egemtv.com\/index.php?rest_route=\/wp\/v2\/posts"}],"about":[{"href":"https:\/\/www.egemtv.com\/index.php?rest_route=\/wp\/v2\/types\/post"}],"author":[{"embeddable":true,"href":"https:\/\/www.egemtv.com\/index.php?rest_route=\/wp\/v2\/users\/1"}],"replies":[{"embeddable":true,"href":"https:\/\/www.egemtv.com\/index.php?rest_route=%2Fwp%2Fv2%2Fcomments&post=20756"}],"version-history":[{"count":1,"href":"https:\/\/www.egemtv.com\/index.php?rest_route=\/wp\/v2\/posts\/20756\/revisions"}],"predecessor-version":[{"id":20758,"href":"https:\/\/www.egemtv.com\/index.php?rest_route=\/wp\/v2\/posts\/20756\/revisions\/20758"}],"wp:featuredmedia":[{"embeddable":true,"href":"https:\/\/www.egemtv.com\/index.php?rest_route=\/wp\/v2\/media\/20757"}],"wp:attachment":[{"href":"https:\/\/www.egemtv.com\/index.php?rest_route=%2Fwp%2Fv2%2Fmedia&parent=20756"}],"wp:term":[{"taxonomy":"category","embeddable":true,"href":"https:\/\/www.egemtv.com\/index.php?rest_route=%2Fwp%2Fv2%2Fcategories&post=20756"},{"taxonomy":"post_tag","embeddable":true,"href":"https:\/\/www.egemtv.com\/index.php?rest_route=%2Fwp%2Fv2%2Ftags&post=20756"}],"curies":[{"name":"wp","href":"https:\/\/api.w.org\/{rel}","templated":true}]}}