{"id":20753,"date":"2025-02-20T10:16:06","date_gmt":"2025-02-20T07:16:06","guid":{"rendered":"https:\/\/www.egemtv.com\/?p=20753"},"modified":"2025-02-20T10:16:12","modified_gmt":"2025-02-20T07:16:12","slug":"germencik-belediyesi-ihtiyac-sahiplerine-kopru-oluyor","status":"publish","type":"post","link":"https:\/\/www.egemtv.com\/?p=20753","title":{"rendered":"Germencik Belediyesi, ihtiya\u00e7 sahiplerine k\u00f6pr\u00fc oluyor"},"content":{"rendered":"<p>Germencik Belediyesi, vatanda\u015flar\u0131n kullanabilir durumda olan ikinci el ev e\u015fyalar\u0131n\u0131 adresten alarak il\u00e7edeki ihtiya\u00e7 sahibi vatanda\u015flara ula\u015ft\u0131rmaya devam ediyor.<\/p>\n<p>Germencik Belediyesi, sosyal belediyecilik faaliyetleri kapsam\u0131nda \u00f6nemli hizmetlere imza atmaya devam ediyor. Germencik Belediyesi Sosyal A\u011f\u0131 (GESA) ekipleri, ikinci el ev e\u015fyalar\u0131n\u0131 toplay\u0131p ihtiya\u00e7 sahibi vatanda\u015flara ula\u015ft\u0131r\u0131yor. Hay\u0131rseverler ile ihtiya\u00e7 sahipleri aras\u0131nda k\u00f6pr\u00fc olan ekipler, hay\u0131rsever vatanda\u015flardan ba\u011f\u0131\u015flanan beyaz e\u015fya, mobilya ve elektronik e\u015fyalar\u0131 ihtiya\u00e7 sahiplerine ula\u015ft\u0131r\u0131yor. E\u015fya ve ikinci el elbise ba\u011f\u0131\u015flamak isteyenler, GESA\u2019y\u0131 arayarak destek verebiliyor.<\/p>\n<p>Konu ile ilgili Germencik Belediyesi\u2019nden yap\u0131lan payla\u015f\u0131mda &#8220;\u0130kinci el e\u015fya yard\u0131mlar\u0131n\u0131 hay\u0131rseverlerimizden al\u0131p ihtiya\u00e7 sahibi vatanda\u015flar\u0131m\u0131za ula\u015ft\u0131rmaya devam ediyoruz. Ba\u011f\u0131\u015f\u00e7\u0131lar\u0131m\u0131za te\u015fekk\u00fcr ediyoruz&#8221; ifadeleri yer ald\u0131.<br \/><\/p>\n","protected":false},"excerpt":{"rendered":"<p>Germencik Belediyesi, vatanda\u015flar\u0131n kullanabilir durumda olan ikinci el ev e\u015fyalar\u0131n\u0131 adresten alarak il\u00e7edeki ihtiya\u00e7 sahibi vatanda\u015flara ula\u015ft\u0131rmaya devam ediyor. Germencik Belediyesi, sosyal belediyecilik faaliyetleri kapsam\u0131nda \u00f6nemli hizmetlere imza atmaya devam ediyor. Germencik Belediyesi Sosyal A\u011f\u0131 (GESA) ekipleri, ikinci el ev e\u015fyalar\u0131n\u0131 toplay\u0131p ihtiya\u00e7 sahibi vatanda\u015flara ula\u015ft\u0131r\u0131yor. Hay\u0131rseverler ile ihtiya\u00e7 sahipleri aras\u0131nda k\u00f6pr\u00fc olan ekipler, hay\u0131rsever&#8230;<\/p>\n","protected":false},"author":1,"featured_media":20754,"comment_status":"open","ping_status":"open","sticky":false,"template":"","format":"standard","meta":{"_crdt_document":"","footnotes":""},"categories":[1],"tags":[],"class_list":["post-20753","post","type-post","status-publish","format-standard","has-post-thumbnail","hentry","category-guncel"],"_links":{"self":[{"href":"https:\/\/www.egemtv.com\/index.php?rest_route=\/wp\/v2\/posts\/20753","targetHints":{"allow":["GET"]}}],"collection":[{"href":"https:\/\/www.egemtv.com\/index.php?rest_route=\/wp\/v2\/posts"}],"about":[{"href":"https:\/\/www.egemtv.com\/index.php?rest_route=\/wp\/v2\/types\/post"}],"author":[{"embeddable":true,"href":"https:\/\/www.egemtv.com\/index.php?rest_route=\/wp\/v2\/users\/1"}],"replies":[{"embeddable":true,"href":"https:\/\/www.egemtv.com\/index.php?rest_route=%2Fwp%2Fv2%2Fcomments&post=20753"}],"version-history":[{"count":1,"href":"https:\/\/www.egemtv.com\/index.php?rest_route=\/wp\/v2\/posts\/20753\/revisions"}],"predecessor-version":[{"id":20755,"href":"https:\/\/www.egemtv.com\/index.php?rest_route=\/wp\/v2\/posts\/20753\/revisions\/20755"}],"wp:featuredmedia":[{"embeddable":true,"href":"https:\/\/www.egemtv.com\/index.php?rest_route=\/wp\/v2\/media\/20754"}],"wp:attachment":[{"href":"https:\/\/www.egemtv.com\/index.php?rest_route=%2Fwp%2Fv2%2Fmedia&parent=20753"}],"wp:term":[{"taxonomy":"category","embeddable":true,"href":"https:\/\/www.egemtv.com\/index.php?rest_route=%2Fwp%2Fv2%2Fcategories&post=20753"},{"taxonomy":"post_tag","embeddable":true,"href":"https:\/\/www.egemtv.com\/index.php?rest_route=%2Fwp%2Fv2%2Ftags&post=20753"}],"curies":[{"name":"wp","href":"https:\/\/api.w.org\/{rel}","templated":true}]}}