{"id":20749,"date":"2025-02-20T10:12:59","date_gmt":"2025-02-20T07:12:59","guid":{"rendered":"https:\/\/www.egemtv.com\/?p=20749"},"modified":"2025-02-20T10:13:05","modified_gmt":"2025-02-20T07:13:05","slug":"denizlide-urfa-sira-gecesi-ile-kulturler-bulusuyor-2","status":"publish","type":"post","link":"https:\/\/www.egemtv.com\/?p=20749","title":{"rendered":"Denizli\u2019de Urfa S\u0131ra Gecesi ile &#8220;K\u00fclt\u00fcrler Bulu\u015fuyor&#8221;"},"content":{"rendered":"<p>Denizli B\u00fcy\u00fck\u015fehir Belediyesi, &#8220;K\u00fclt\u00fcrler Bulu\u015fuyor&#8221; projesi kapsam\u0131nda \u015eanl\u0131urfa B\u00fcy\u00fck\u015fehir Belediyesi Urfa Ahengi M\u00fczik ve S\u0131ra Gecesi Toplulu\u011fu ile \u015eurkav Halk Oyunlar\u0131 Toplulu\u011fu\u2019nun sahne alaca\u011f\u0131 &#8220;Urfa S\u0131ra Gecesi&#8221; etkinli\u011fi d\u00fczenleyecek.<\/p>\n<p>Denizli B\u00fcy\u00fck\u015fehir Belediyesi, k\u00fclt\u00fcrel etkinliklerine bir yenisini daha ekleyerek Urfa S\u0131ra Gecesi\u2019ni Denizlili vatanda\u015flarla bulu\u015fturuyor. &#8220;K\u00fclt\u00fcrler Bulu\u015fuyor&#8221; projesi kapsam\u0131nda d\u00fczenlenecek etkinlik, 22 \u015eubat Cumartesi g\u00fcn\u00fc saat 20.30\u2019da Nihat Zeybekci Kongre ve K\u00fclt\u00fcr Merkezi \u00d6zay G\u00f6nl\u00fcm Salonu\u2019nda ger\u00e7ekle\u015fecek. \u015eanl\u0131urfa B\u00fcy\u00fck\u015fehir Belediyesi Urfa Ahengi M\u00fczik ve S\u0131ra Gecesi Toplulu\u011fu ile \u015eurkav Halk Oyunlar\u0131 Toplulu\u011fu\u2019nun sahne alaca\u011f\u0131 bu \u00f6zel gecede, kat\u0131l\u0131mc\u0131lar \u015eanl\u0131urfa\u2019n\u0131n e\u015fsiz m\u00fczi\u011fi ve halk oyunlar\u0131yla unutulmaz bir gece ya\u015fayacak. Ayr\u0131ca etkinlikte \u00e7i\u011fk\u00f6fte ve m\u0131rra kahvesi ikramlar\u0131 ile Denizlili vatanda\u015flar \u015eanl\u0131urfa lezzetlerini tatma imk\u00e2n\u0131 bulacak. \u00dccretsiz olarak ger\u00e7ekle\u015ftirilecek bu k\u00fclt\u00fcrel bulu\u015fmaya kat\u0131lmak isteyen vatanda\u015flar biletlerini e-bilet.denizli.bel.tr adresinden temin edebilecek.<br \/><\/p>\n","protected":false},"excerpt":{"rendered":"<p>Denizli B\u00fcy\u00fck\u015fehir Belediyesi, &#8220;K\u00fclt\u00fcrler Bulu\u015fuyor&#8221; projesi kapsam\u0131nda \u015eanl\u0131urfa B\u00fcy\u00fck\u015fehir Belediyesi Urfa Ahengi M\u00fczik ve S\u0131ra Gecesi Toplulu\u011fu ile \u015eurkav Halk Oyunlar\u0131 Toplulu\u011fu\u2019nun sahne alaca\u011f\u0131 &#8220;Urfa S\u0131ra Gecesi&#8221; etkinli\u011fi d\u00fczenleyecek. Denizli B\u00fcy\u00fck\u015fehir Belediyesi, k\u00fclt\u00fcrel etkinliklerine bir yenisini daha ekleyerek Urfa S\u0131ra Gecesi\u2019ni Denizlili vatanda\u015flarla bulu\u015fturuyor. &#8220;K\u00fclt\u00fcrler Bulu\u015fuyor&#8221; projesi kapsam\u0131nda d\u00fczenlenecek etkinlik, 22 \u015eubat Cumartesi g\u00fcn\u00fc saat&#8230;<\/p>\n","protected":false},"author":1,"featured_media":20750,"comment_status":"open","ping_status":"open","sticky":false,"template":"","format":"standard","meta":{"_crdt_document":"","footnotes":""},"categories":[1],"tags":[],"class_list":["post-20749","post","type-post","status-publish","format-standard","has-post-thumbnail","hentry","category-guncel"],"_links":{"self":[{"href":"https:\/\/www.egemtv.com\/index.php?rest_route=\/wp\/v2\/posts\/20749","targetHints":{"allow":["GET"]}}],"collection":[{"href":"https:\/\/www.egemtv.com\/index.php?rest_route=\/wp\/v2\/posts"}],"about":[{"href":"https:\/\/www.egemtv.com\/index.php?rest_route=\/wp\/v2\/types\/post"}],"author":[{"embeddable":true,"href":"https:\/\/www.egemtv.com\/index.php?rest_route=\/wp\/v2\/users\/1"}],"replies":[{"embeddable":true,"href":"https:\/\/www.egemtv.com\/index.php?rest_route=%2Fwp%2Fv2%2Fcomments&post=20749"}],"version-history":[{"count":1,"href":"https:\/\/www.egemtv.com\/index.php?rest_route=\/wp\/v2\/posts\/20749\/revisions"}],"predecessor-version":[{"id":20752,"href":"https:\/\/www.egemtv.com\/index.php?rest_route=\/wp\/v2\/posts\/20749\/revisions\/20752"}],"wp:featuredmedia":[{"embeddable":true,"href":"https:\/\/www.egemtv.com\/index.php?rest_route=\/wp\/v2\/media\/20750"}],"wp:attachment":[{"href":"https:\/\/www.egemtv.com\/index.php?rest_route=%2Fwp%2Fv2%2Fmedia&parent=20749"}],"wp:term":[{"taxonomy":"category","embeddable":true,"href":"https:\/\/www.egemtv.com\/index.php?rest_route=%2Fwp%2Fv2%2Fcategories&post=20749"},{"taxonomy":"post_tag","embeddable":true,"href":"https:\/\/www.egemtv.com\/index.php?rest_route=%2Fwp%2Fv2%2Ftags&post=20749"}],"curies":[{"name":"wp","href":"https:\/\/api.w.org\/{rel}","templated":true}]}}