{"id":20741,"date":"2025-02-20T10:12:42","date_gmt":"2025-02-20T07:12:42","guid":{"rendered":"https:\/\/www.egemtv.com\/?p=20741"},"modified":"2025-02-20T10:12:46","modified_gmt":"2025-02-20T07:12:46","slug":"efeler-belediyesinden-ideal-aile-konferansi","status":"publish","type":"post","link":"https:\/\/www.egemtv.com\/?p=20741","title":{"rendered":"Efeler Belediyesi\u2019nden &#8220;\u0130deal Aile&#8221; konferans\u0131"},"content":{"rendered":"<p>Efeler Belediyesi, toplumsal yap\u0131n\u0131n temel ta\u015f\u0131 olan aile kavram\u0131n\u0131 ele alan \u00f6nemli bir konferansa ev sahipli\u011fi yap\u0131yor.<br \/>\n<br \/>&#8220;\u0130deal Aile&#8221; ba\u015fl\u0131kl\u0131 etkinlik, 20 \u015eubat Per\u015fembe g\u00fcn\u00fc (bug\u00fcn) saat 16.30\u2019da Nevzat Bi\u00e7er Konferans Salonu\u2019nda ger\u00e7ekle\u015fecek. Avukat H\u00fclya G\u00fclbahar\u2019\u0131n konu\u015fmac\u0131 olarak kat\u0131laca\u011f\u0131 konferansta; sa\u011fl\u0131kl\u0131 aile ili\u015fkileri, bireyler aras\u0131 ileti\u015fim ve toplumsal cinsiyet e\u015fitli\u011fi gibi konular masaya yat\u0131r\u0131lacak.<br \/>\n<br \/>Efeler Belediye Ba\u015fkan\u0131 An\u0131l Yeti\u015fkin\u2019in \u00f6nc\u00fcl\u00fc\u011f\u00fcnde hayata ge\u00e7irilen bu etkinlik, g\u00fc\u00e7l\u00fc ve bilin\u00e7li aile yap\u0131lar\u0131n\u0131n toplum \u00fczerindeki olumlu etkisini vurgulamay\u0131 ama\u00e7l\u0131yor. Efeler Belediyesi\u2019nin kad\u0131n ve aileye y\u00f6nelik \u00e7al\u0131\u015fmalar\u0131na bir yenisini ekleyen konferans, \u00f6zellikle ebeveynler ve gen\u00e7ler i\u00e7in \u00f6nemli bir rehber niteli\u011finde olacak.<br \/>\n<br \/>Efeler Kad\u0131n Meclisi ve Kent Konseyi\u2019nin destekleriyle d\u00fczenlenen etkinli\u011fe t\u00fcm Efeler halk\u0131n\u0131 davet eden Ba\u015fkan Yeti\u015fkin, aile yap\u0131s\u0131n\u0131n g\u00fc\u00e7lenmesine katk\u0131 sa\u011flayacak bu t\u00fcr bilin\u00e7lendirme \u00e7al\u0131\u015fmalar\u0131n\u0131n artarak devam edece\u011fini vurgulad\u0131.<br \/><\/p>\n","protected":false},"excerpt":{"rendered":"<p>Efeler Belediyesi, toplumsal yap\u0131n\u0131n temel ta\u015f\u0131 olan aile kavram\u0131n\u0131 ele alan \u00f6nemli bir konferansa ev sahipli\u011fi yap\u0131yor. &#8220;\u0130deal Aile&#8221; ba\u015fl\u0131kl\u0131 etkinlik, 20 \u015eubat Per\u015fembe g\u00fcn\u00fc (bug\u00fcn) saat 16.30\u2019da Nevzat Bi\u00e7er Konferans Salonu\u2019nda ger\u00e7ekle\u015fecek. Avukat H\u00fclya G\u00fclbahar\u2019\u0131n konu\u015fmac\u0131 olarak kat\u0131laca\u011f\u0131 konferansta; sa\u011fl\u0131kl\u0131 aile ili\u015fkileri, bireyler aras\u0131 ileti\u015fim ve toplumsal cinsiyet e\u015fitli\u011fi gibi konular masaya yat\u0131r\u0131lacak. Efeler&#8230;<\/p>\n","protected":false},"author":1,"featured_media":20742,"comment_status":"open","ping_status":"open","sticky":false,"template":"","format":"standard","meta":{"_crdt_document":"","footnotes":""},"categories":[1],"tags":[],"class_list":["post-20741","post","type-post","status-publish","format-standard","has-post-thumbnail","hentry","category-guncel"],"_links":{"self":[{"href":"https:\/\/www.egemtv.com\/index.php?rest_route=\/wp\/v2\/posts\/20741","targetHints":{"allow":["GET"]}}],"collection":[{"href":"https:\/\/www.egemtv.com\/index.php?rest_route=\/wp\/v2\/posts"}],"about":[{"href":"https:\/\/www.egemtv.com\/index.php?rest_route=\/wp\/v2\/types\/post"}],"author":[{"embeddable":true,"href":"https:\/\/www.egemtv.com\/index.php?rest_route=\/wp\/v2\/users\/1"}],"replies":[{"embeddable":true,"href":"https:\/\/www.egemtv.com\/index.php?rest_route=%2Fwp%2Fv2%2Fcomments&post=20741"}],"version-history":[{"count":1,"href":"https:\/\/www.egemtv.com\/index.php?rest_route=\/wp\/v2\/posts\/20741\/revisions"}],"predecessor-version":[{"id":20743,"href":"https:\/\/www.egemtv.com\/index.php?rest_route=\/wp\/v2\/posts\/20741\/revisions\/20743"}],"wp:featuredmedia":[{"embeddable":true,"href":"https:\/\/www.egemtv.com\/index.php?rest_route=\/wp\/v2\/media\/20742"}],"wp:attachment":[{"href":"https:\/\/www.egemtv.com\/index.php?rest_route=%2Fwp%2Fv2%2Fmedia&parent=20741"}],"wp:term":[{"taxonomy":"category","embeddable":true,"href":"https:\/\/www.egemtv.com\/index.php?rest_route=%2Fwp%2Fv2%2Fcategories&post=20741"},{"taxonomy":"post_tag","embeddable":true,"href":"https:\/\/www.egemtv.com\/index.php?rest_route=%2Fwp%2Fv2%2Ftags&post=20741"}],"curies":[{"name":"wp","href":"https:\/\/api.w.org\/{rel}","templated":true}]}}