{"id":20738,"date":"2025-02-20T09:55:05","date_gmt":"2025-02-20T06:55:05","guid":{"rendered":"https:\/\/www.egemtv.com\/?p=20738"},"modified":"2025-02-20T09:55:11","modified_gmt":"2025-02-20T06:55:11","slug":"kaymakam-dogru-vatandaslarla-bir-araya-geldi","status":"publish","type":"post","link":"https:\/\/www.egemtv.com\/?p=20738","title":{"rendered":"Kaymakam Do\u011fru, vatanda\u015flarla bir araya geldi"},"content":{"rendered":"<p>Germencik Kaymakam\u0131 Sultan Do\u011fru, Turnalar Mahallesi\u2019ni ziyaret ederek vatanda\u015flarla bir araya geldi.<\/p>\n<p>Germencik Kaymakam\u0131 Sultan Do\u011fru, g\u00f6reve geldi\u011fi g\u00fcnden bu yana il\u00e7eyi tan\u0131ma ve vatanda\u015flar\u0131n sorunlar\u0131n\u0131 yerinde g\u00f6rmek amac\u0131yla ger\u00e7ekle\u015ftirdi\u011fi mahalle ziyaretlerine devam ediyor. Bu kapsamda Kaymakam Do\u011fru\u2019nun son dura\u011f\u0131 Turanlar Mahallesi oldu. Turanlar Mahallesi\u2019ni ziyaret eden Do\u011fru, vatanda\u015flarla bir araya gelip, talep ve \u015fikayetlerini dinledi. Yo\u011fun kat\u0131l\u0131m\u0131n oldu\u011fu ziyaretlerde Kaymakam Do\u011fru ayr\u0131ca tar\u0131m ve hayvanc\u0131l\u0131k \u00fczerine isti\u015farelerde bulundu.<br \/><\/p>\n","protected":false},"excerpt":{"rendered":"<p>Germencik Kaymakam\u0131 Sultan Do\u011fru, Turnalar Mahallesi\u2019ni ziyaret ederek vatanda\u015flarla bir araya geldi. Germencik Kaymakam\u0131 Sultan Do\u011fru, g\u00f6reve geldi\u011fi g\u00fcnden bu yana il\u00e7eyi tan\u0131ma ve vatanda\u015flar\u0131n sorunlar\u0131n\u0131 yerinde g\u00f6rmek amac\u0131yla ger\u00e7ekle\u015ftirdi\u011fi mahalle ziyaretlerine devam ediyor. Bu kapsamda Kaymakam Do\u011fru\u2019nun son dura\u011f\u0131 Turanlar Mahallesi oldu. Turanlar Mahallesi\u2019ni ziyaret eden Do\u011fru, vatanda\u015flarla bir araya gelip, talep ve \u015fikayetlerini&#8230;<\/p>\n","protected":false},"author":1,"featured_media":20739,"comment_status":"open","ping_status":"open","sticky":false,"template":"","format":"standard","meta":{"_crdt_document":"","footnotes":""},"categories":[1],"tags":[],"class_list":["post-20738","post","type-post","status-publish","format-standard","has-post-thumbnail","hentry","category-guncel"],"_links":{"self":[{"href":"https:\/\/www.egemtv.com\/index.php?rest_route=\/wp\/v2\/posts\/20738","targetHints":{"allow":["GET"]}}],"collection":[{"href":"https:\/\/www.egemtv.com\/index.php?rest_route=\/wp\/v2\/posts"}],"about":[{"href":"https:\/\/www.egemtv.com\/index.php?rest_route=\/wp\/v2\/types\/post"}],"author":[{"embeddable":true,"href":"https:\/\/www.egemtv.com\/index.php?rest_route=\/wp\/v2\/users\/1"}],"replies":[{"embeddable":true,"href":"https:\/\/www.egemtv.com\/index.php?rest_route=%2Fwp%2Fv2%2Fcomments&post=20738"}],"version-history":[{"count":1,"href":"https:\/\/www.egemtv.com\/index.php?rest_route=\/wp\/v2\/posts\/20738\/revisions"}],"predecessor-version":[{"id":20740,"href":"https:\/\/www.egemtv.com\/index.php?rest_route=\/wp\/v2\/posts\/20738\/revisions\/20740"}],"wp:featuredmedia":[{"embeddable":true,"href":"https:\/\/www.egemtv.com\/index.php?rest_route=\/wp\/v2\/media\/20739"}],"wp:attachment":[{"href":"https:\/\/www.egemtv.com\/index.php?rest_route=%2Fwp%2Fv2%2Fmedia&parent=20738"}],"wp:term":[{"taxonomy":"category","embeddable":true,"href":"https:\/\/www.egemtv.com\/index.php?rest_route=%2Fwp%2Fv2%2Fcategories&post=20738"},{"taxonomy":"post_tag","embeddable":true,"href":"https:\/\/www.egemtv.com\/index.php?rest_route=%2Fwp%2Fv2%2Ftags&post=20738"}],"curies":[{"name":"wp","href":"https:\/\/api.w.org\/{rel}","templated":true}]}}