{"id":20735,"date":"2025-02-20T09:47:41","date_gmt":"2025-02-20T06:47:41","guid":{"rendered":"https:\/\/www.egemtv.com\/?p=20735"},"modified":"2025-02-20T09:47:45","modified_gmt":"2025-02-20T06:47:45","slug":"aydinda-kansere-dikkat-cekildi","status":"publish","type":"post","link":"https:\/\/www.egemtv.com\/?p=20735","title":{"rendered":"Ayd\u0131n\u2019da kansere dikkat \u00e7ekildi"},"content":{"rendered":"<p>Ayd\u0131n Kad\u0131n Do\u011fum ve \u00c7ocuk Hastal\u0131klar\u0131 Hastanesi\u2019nde, d\u00fcnya \u00e7ap\u0131nda \u00e7ocuklar aras\u0131nda \u00f6nde gelen \u00f6l\u00fcm nedenlerinden biri olan kansere dikkat \u00e7ekildi.<\/p>\n<p>Her y\u0131l 0-19 ya\u015f aras\u0131 yakla\u015f\u0131k 300 bin \u00e7ocu\u011fa kanser te\u015fhisi konulurken, Ayd\u0131n Kad\u0131n Do\u011fum ve \u00c7ocuk Hastal\u0131klar\u0131 Hastanesi, ger\u00e7ekle\u015ftirdi\u011fi etkinlikle kansere ve erken te\u015fhisin \u00f6nemine dikkat \u00e7ekti. Hastanede kurulan stant ile hasta ve hasta yak\u0131nlar\u0131 bilgilendirildi.<\/p>\n<p>Konu ile ilgili hastane y\u00f6netiminden yap\u0131lan payla\u015f\u0131mda &#8220;Kanser, d\u00fcnya \u00e7ap\u0131nda \u00e7ocuklar ve ad\u00f6lesanlar aras\u0131nda \u00f6nde gelen \u00f6l\u00fcm nedenlerinden biridir. Her y\u0131l 0 -19 ya\u015f aras\u0131 yakla\u015f\u0131k 300 bin \u00e7ocu\u011fa kanser te\u015fhisi konulmaktad\u0131r. Son y\u0131llarda \u00e7ocukluk \u00e7a\u011f\u0131 kanserlerinin tedavilerinde \u00f6nemli geli\u015fmeler kaydedilmi\u015ftir. Erken te\u015fhis hedefine ula\u015fmak amac\u0131 ile farkl\u0131 belirtilerin dikkate al\u0131narak hem ebeveynlerin hem de sa\u011fl\u0131k personellerin harekete ge\u00e7mesi \u00f6nemlidir. \u00c7ocukluk \u00e7a\u011f\u0131 kanserleri i\u00e7in uyar\u0131c\u0131 olabilecek belirti ve semptomlar deride solukluk, halsizlik, enfeksiyonlara yatk\u0131nl\u0131k, s\u0131ra d\u0131\u015f\u0131 kanamalar (burun kanamas\u0131, di\u015f eti kanamalar\u0131 gibi), i\u015ftahs\u0131zl\u0131k, a\u00e7\u0131klanamayan ani kilo kayb\u0131, dalakta b\u00fcy\u00fcme, lenf d\u00fc\u011f\u00fcmlerinde \u015fi\u015flikler, kemik ve eklemlerde a\u011fr\u0131, a\u00e7\u0131klanamayan ate\u015f, ani g\u00f6rme de\u011fi\u015fiklikleri, genellikle kusman\u0131n e\u015flik etti\u011fi, s\u0131k ba\u015f a\u011fr\u0131s\u0131 \u015feklindedir. Uluslararas\u0131 \u00c7ocukluk \u00c7a\u011f\u0131 Kanserleri G\u00fcn\u00fc\u2019nde fark\u0131ndal\u0131k olu\u015fturmak, kanserli \u00e7ocuklar ve ailelerine destek sa\u011flamak i\u00e7in k\u00fcresel bir i\u015fbirli\u011fi kampanyas\u0131 y\u00fcr\u00fct\u00fclmektedir. Bu kapsamda hastane y\u00f6netimimiz, \u00c7ocuk Hematoloji ve Onkoloji Uzm. Dr. Z\u00fclf\u00fckar G\u00f6rd\u00fc ve e\u011fitim birimi e\u015fli\u011finde stant kurularak hasta ve hasta yak\u0131nlar\u0131na bilgilendirme yap\u0131lm\u0131\u015ft\u0131r&#8221; ifadeleri yer ald\u0131.<br \/><\/p>\n","protected":false},"excerpt":{"rendered":"<p>Ayd\u0131n Kad\u0131n Do\u011fum ve \u00c7ocuk Hastal\u0131klar\u0131 Hastanesi\u2019nde, d\u00fcnya \u00e7ap\u0131nda \u00e7ocuklar aras\u0131nda \u00f6nde gelen \u00f6l\u00fcm nedenlerinden biri olan kansere dikkat \u00e7ekildi. Her y\u0131l 0-19 ya\u015f aras\u0131 yakla\u015f\u0131k 300 bin \u00e7ocu\u011fa kanser te\u015fhisi konulurken, Ayd\u0131n Kad\u0131n Do\u011fum ve \u00c7ocuk Hastal\u0131klar\u0131 Hastanesi, ger\u00e7ekle\u015ftirdi\u011fi etkinlikle kansere ve erken te\u015fhisin \u00f6nemine dikkat \u00e7ekti. Hastanede kurulan stant ile hasta ve hasta&#8230;<\/p>\n","protected":false},"author":1,"featured_media":20736,"comment_status":"open","ping_status":"open","sticky":false,"template":"","format":"standard","meta":{"_crdt_document":"","footnotes":""},"categories":[2],"tags":[],"class_list":["post-20735","post","type-post","status-publish","format-standard","has-post-thumbnail","hentry","category-saglik"],"_links":{"self":[{"href":"https:\/\/www.egemtv.com\/index.php?rest_route=\/wp\/v2\/posts\/20735","targetHints":{"allow":["GET"]}}],"collection":[{"href":"https:\/\/www.egemtv.com\/index.php?rest_route=\/wp\/v2\/posts"}],"about":[{"href":"https:\/\/www.egemtv.com\/index.php?rest_route=\/wp\/v2\/types\/post"}],"author":[{"embeddable":true,"href":"https:\/\/www.egemtv.com\/index.php?rest_route=\/wp\/v2\/users\/1"}],"replies":[{"embeddable":true,"href":"https:\/\/www.egemtv.com\/index.php?rest_route=%2Fwp%2Fv2%2Fcomments&post=20735"}],"version-history":[{"count":1,"href":"https:\/\/www.egemtv.com\/index.php?rest_route=\/wp\/v2\/posts\/20735\/revisions"}],"predecessor-version":[{"id":20737,"href":"https:\/\/www.egemtv.com\/index.php?rest_route=\/wp\/v2\/posts\/20735\/revisions\/20737"}],"wp:featuredmedia":[{"embeddable":true,"href":"https:\/\/www.egemtv.com\/index.php?rest_route=\/wp\/v2\/media\/20736"}],"wp:attachment":[{"href":"https:\/\/www.egemtv.com\/index.php?rest_route=%2Fwp%2Fv2%2Fmedia&parent=20735"}],"wp:term":[{"taxonomy":"category","embeddable":true,"href":"https:\/\/www.egemtv.com\/index.php?rest_route=%2Fwp%2Fv2%2Fcategories&post=20735"},{"taxonomy":"post_tag","embeddable":true,"href":"https:\/\/www.egemtv.com\/index.php?rest_route=%2Fwp%2Fv2%2Ftags&post=20735"}],"curies":[{"name":"wp","href":"https:\/\/api.w.org\/{rel}","templated":true}]}}