{"id":20732,"date":"2025-02-20T09:47:35","date_gmt":"2025-02-20T06:47:35","guid":{"rendered":"https:\/\/www.egemtv.com\/?p=20732"},"modified":"2025-02-20T09:47:40","modified_gmt":"2025-02-20T06:47:40","slug":"ogrenciler-buldani-planladi","status":"publish","type":"post","link":"https:\/\/www.egemtv.com\/?p=20732","title":{"rendered":"\u00d6\u011frenciler Buldan\u2019\u0131 planlad\u0131"},"content":{"rendered":"<p>Denizli\u2019de \u015eehir B\u00f6lge Planlama B\u00f6l\u00fcm\u00fc \u00f6\u011frencileri Buldan\u2019\u0131 ziyaret ederek anket \u00e7al\u0131\u015fmas\u0131 yapt\u0131.<br \/>\n<br \/>Denizli\u2019de Mimarl\u0131k ve Tasar\u0131m Fak\u00fcltesi \u015eehir B\u00f6lge Planlama B\u00f6l\u00fcm\u00fc \u00f6\u011frencileri, Buldan\u2019\u0131 ziyaret ederek anket \u00e7al\u0131\u015fmas\u0131 yapt\u0131. \u0130l\u00e7enin cadde ve sokaklar\u0131nda foto\u011fraflar \u00e7eken \u00f6\u011frenciler, vatanda\u015flarla da bir araya geldi. \u00d6\u011frenciler yerel halkla Buldan\u2019\u0131n sanayile\u015fmesi ve yerle\u015fimi hakk\u0131nda g\u00f6r\u00fc\u015f al\u0131\u015fveri\u015finde bulundular. Buldan Ticaret Odas\u0131 Meclis Ba\u015fkan\u0131 \u0130brahim Ac\u0131kara\u2019y\u0131 da ziyaret eden \u00f6\u011frenciler Buldan hakk\u0131nda bilgiler edindi.<br \/><\/p>\n","protected":false},"excerpt":{"rendered":"<p>Denizli\u2019de \u015eehir B\u00f6lge Planlama B\u00f6l\u00fcm\u00fc \u00f6\u011frencileri Buldan\u2019\u0131 ziyaret ederek anket \u00e7al\u0131\u015fmas\u0131 yapt\u0131. Denizli\u2019de Mimarl\u0131k ve Tasar\u0131m Fak\u00fcltesi \u015eehir B\u00f6lge Planlama B\u00f6l\u00fcm\u00fc \u00f6\u011frencileri, Buldan\u2019\u0131 ziyaret ederek anket \u00e7al\u0131\u015fmas\u0131 yapt\u0131. \u0130l\u00e7enin cadde ve sokaklar\u0131nda foto\u011fraflar \u00e7eken \u00f6\u011frenciler, vatanda\u015flarla da bir araya geldi. \u00d6\u011frenciler yerel halkla Buldan\u2019\u0131n sanayile\u015fmesi ve yerle\u015fimi hakk\u0131nda g\u00f6r\u00fc\u015f al\u0131\u015fveri\u015finde bulundular. Buldan Ticaret Odas\u0131 Meclis&#8230;<\/p>\n","protected":false},"author":1,"featured_media":20733,"comment_status":"open","ping_status":"open","sticky":false,"template":"","format":"standard","meta":{"_crdt_document":"","footnotes":""},"categories":[1],"tags":[],"class_list":["post-20732","post","type-post","status-publish","format-standard","has-post-thumbnail","hentry","category-guncel"],"_links":{"self":[{"href":"https:\/\/www.egemtv.com\/index.php?rest_route=\/wp\/v2\/posts\/20732","targetHints":{"allow":["GET"]}}],"collection":[{"href":"https:\/\/www.egemtv.com\/index.php?rest_route=\/wp\/v2\/posts"}],"about":[{"href":"https:\/\/www.egemtv.com\/index.php?rest_route=\/wp\/v2\/types\/post"}],"author":[{"embeddable":true,"href":"https:\/\/www.egemtv.com\/index.php?rest_route=\/wp\/v2\/users\/1"}],"replies":[{"embeddable":true,"href":"https:\/\/www.egemtv.com\/index.php?rest_route=%2Fwp%2Fv2%2Fcomments&post=20732"}],"version-history":[{"count":1,"href":"https:\/\/www.egemtv.com\/index.php?rest_route=\/wp\/v2\/posts\/20732\/revisions"}],"predecessor-version":[{"id":20734,"href":"https:\/\/www.egemtv.com\/index.php?rest_route=\/wp\/v2\/posts\/20732\/revisions\/20734"}],"wp:featuredmedia":[{"embeddable":true,"href":"https:\/\/www.egemtv.com\/index.php?rest_route=\/wp\/v2\/media\/20733"}],"wp:attachment":[{"href":"https:\/\/www.egemtv.com\/index.php?rest_route=%2Fwp%2Fv2%2Fmedia&parent=20732"}],"wp:term":[{"taxonomy":"category","embeddable":true,"href":"https:\/\/www.egemtv.com\/index.php?rest_route=%2Fwp%2Fv2%2Fcategories&post=20732"},{"taxonomy":"post_tag","embeddable":true,"href":"https:\/\/www.egemtv.com\/index.php?rest_route=%2Fwp%2Fv2%2Ftags&post=20732"}],"curies":[{"name":"wp","href":"https:\/\/api.w.org\/{rel}","templated":true}]}}