{"id":20729,"date":"2025-02-20T09:44:42","date_gmt":"2025-02-20T06:44:42","guid":{"rendered":"https:\/\/www.egemtv.com\/?p=20729"},"modified":"2025-02-20T09:44:47","modified_gmt":"2025-02-20T06:44:47","slug":"seydikemerde-aile-sagligi-merkezi-icin-protokol-imzalandi","status":"publish","type":"post","link":"https:\/\/www.egemtv.com\/?p=20729","title":{"rendered":"Seydikemer\u2019de Aile Sa\u011fl\u0131\u011f\u0131 Merkezi i\u00e7in protokol imzaland\u0131"},"content":{"rendered":"<p>Mu\u011fla \u0130l Sa\u011fl\u0131k M\u00fcd\u00fcrl\u00fc\u011f\u00fc ve hay\u0131rsever Ramazan Akbal aras\u0131nda, Seydikemer il\u00e7esine ba\u011fl\u0131 Karadere Mahallesi\u2019nde in\u015fa edilecek 2 Aile Hekimli Aile Sa\u011fl\u0131\u011f\u0131 Merkezi Hizmet Binas\u0131 i\u00e7in protokol imzaland\u0131.<\/p>\n<p>T\u00f6rende konu\u015fan Mu\u011fla Valisi Dr. \u0130dris Akb\u0131y\u0131k, yap\u0131lacak sa\u011fl\u0131k yat\u0131r\u0131m\u0131yla b\u00f6lgedeki sa\u011fl\u0131k genellerinin g\u00fc\u00e7lenece\u011fini belirterek, toplumsal sa\u011fl\u0131\u011f\u0131na destekten dolay\u0131 hay\u0131rsever Ramazan Akbal\u2019a te\u015fekk\u00fcr etti.<\/p>\n<p>Vali Akb\u0131y\u0131k&#8221; Yeni Aile Sa\u011fl\u0131k Merkezi Hizmet Binas\u0131\u2019n\u0131n Mu\u011fla ve Seydikemer\u2019e hay\u0131rl\u0131 olmas\u0131n\u0131 dileyen kurumsal, merkezin k\u0131sa s\u00fcrede tamamlanarak s\u00fcrd\u00fcr\u00fclen hizmete sunulaca\u011f\u0131n\u0131&#8221; ifade etti.<\/p>\n<p>Mu\u011fla Valili\u011fi 75. Y\u0131l Toplant\u0131 Salonu\u2019nda d\u00fczenlenen imza t\u00f6renine Mu\u011fla Valisi Dr. \u0130dris Akb\u0131y\u0131k, Mu\u011fla \u0130l Sa\u011fl\u0131k M\u00fcd\u00fcr\u00fc Dr. Ali Burak M\u00fclayim, hay\u0131rsever Ramazan Akbal kat\u0131ld\u0131.<br \/><\/p>\n","protected":false},"excerpt":{"rendered":"<p>Mu\u011fla \u0130l Sa\u011fl\u0131k M\u00fcd\u00fcrl\u00fc\u011f\u00fc ve hay\u0131rsever Ramazan Akbal aras\u0131nda, Seydikemer il\u00e7esine ba\u011fl\u0131 Karadere Mahallesi\u2019nde in\u015fa edilecek 2 Aile Hekimli Aile Sa\u011fl\u0131\u011f\u0131 Merkezi Hizmet Binas\u0131 i\u00e7in protokol imzaland\u0131. T\u00f6rende konu\u015fan Mu\u011fla Valisi Dr. \u0130dris Akb\u0131y\u0131k, yap\u0131lacak sa\u011fl\u0131k yat\u0131r\u0131m\u0131yla b\u00f6lgedeki sa\u011fl\u0131k genellerinin g\u00fc\u00e7lenece\u011fini belirterek, toplumsal sa\u011fl\u0131\u011f\u0131na destekten dolay\u0131 hay\u0131rsever Ramazan Akbal\u2019a te\u015fekk\u00fcr etti. Vali Akb\u0131y\u0131k&#8221; Yeni Aile&#8230;<\/p>\n","protected":false},"author":1,"featured_media":20730,"comment_status":"open","ping_status":"open","sticky":false,"template":"","format":"standard","meta":{"_crdt_document":"","footnotes":""},"categories":[2],"tags":[],"class_list":["post-20729","post","type-post","status-publish","format-standard","has-post-thumbnail","hentry","category-saglik"],"_links":{"self":[{"href":"https:\/\/www.egemtv.com\/index.php?rest_route=\/wp\/v2\/posts\/20729","targetHints":{"allow":["GET"]}}],"collection":[{"href":"https:\/\/www.egemtv.com\/index.php?rest_route=\/wp\/v2\/posts"}],"about":[{"href":"https:\/\/www.egemtv.com\/index.php?rest_route=\/wp\/v2\/types\/post"}],"author":[{"embeddable":true,"href":"https:\/\/www.egemtv.com\/index.php?rest_route=\/wp\/v2\/users\/1"}],"replies":[{"embeddable":true,"href":"https:\/\/www.egemtv.com\/index.php?rest_route=%2Fwp%2Fv2%2Fcomments&post=20729"}],"version-history":[{"count":1,"href":"https:\/\/www.egemtv.com\/index.php?rest_route=\/wp\/v2\/posts\/20729\/revisions"}],"predecessor-version":[{"id":20731,"href":"https:\/\/www.egemtv.com\/index.php?rest_route=\/wp\/v2\/posts\/20729\/revisions\/20731"}],"wp:featuredmedia":[{"embeddable":true,"href":"https:\/\/www.egemtv.com\/index.php?rest_route=\/wp\/v2\/media\/20730"}],"wp:attachment":[{"href":"https:\/\/www.egemtv.com\/index.php?rest_route=%2Fwp%2Fv2%2Fmedia&parent=20729"}],"wp:term":[{"taxonomy":"category","embeddable":true,"href":"https:\/\/www.egemtv.com\/index.php?rest_route=%2Fwp%2Fv2%2Fcategories&post=20729"},{"taxonomy":"post_tag","embeddable":true,"href":"https:\/\/www.egemtv.com\/index.php?rest_route=%2Fwp%2Fv2%2Ftags&post=20729"}],"curies":[{"name":"wp","href":"https:\/\/api.w.org\/{rel}","templated":true}]}}