{"id":20726,"date":"2025-02-20T09:44:38","date_gmt":"2025-02-20T06:44:38","guid":{"rendered":"https:\/\/www.egemtv.com\/?p=20726"},"modified":"2025-02-20T09:44:42","modified_gmt":"2025-02-20T06:44:42","slug":"muglada-jandarma-ekiplerinden-ogrencilere-kaskin-kapali-yolun-acik-olsun-egitimi","status":"publish","type":"post","link":"https:\/\/www.egemtv.com\/?p=20726","title":{"rendered":"Mu\u011fla\u2019da Jandarma ekiplerinden \u00f6\u011frencilere &#8220;Kask\u0131n Kapal\u0131, Yolun A\u00e7\u0131k Olsun&#8221; e\u011fitimi"},"content":{"rendered":"<p>Mu\u011fla \u0130l Jandarma Komutanl\u0131\u011f\u0131 trafik ekipleri, trafikte can g\u00fcvenli\u011fini artt\u0131rmak amac\u0131yla &#8220;Kask\u0131n Kapal\u0131, Yolun A\u00e7\u0131k Olsun&#8221; projesi kapsam\u0131nda Kavakl\u0131dere Sad\u0131k G\u00f6\u00e7en Anadolu Lisesi \u00f6\u011frencilerine trafik e\u011fitimi verdi.<\/p>\n<p>Ger\u00e7ekle\u015ftirilen e\u011fitimde \u00f6\u011frencilere; genel trafik ve g\u00fcvenli s\u00fcr\u00fc\u015f kurallar\u0131, motosiklet, motorlu bisiklet, bisiklet ve scooter kullan\u0131m\u0131nda kask, koruyucu ekipman ve yelek takman\u0131n hayati \u00f6nemi, farkl\u0131 kask \u00e7e\u015fitleri ve do\u011fru kask kullan\u0131m\u0131, alkoll\u00fc ara\u00e7 kullanman\u0131n s\u00fcr\u00fcc\u00fcler \u00fczerindeki olumsuz etkileri, trafikte h\u0131z kurallar\u0131 ve s\u00fcr\u00fcc\u00fc belgesi s\u0131n\u0131flar\u0131 gibi konularda bilgiler verildi.<\/p>\n<p>Jandarma ekipleri, \u00f6\u011frencilere kask ve koruyucu ekipman kullan\u0131m\u0131n\u0131n hayat kurtar\u0131c\u0131 bir \u00f6nlem oldu\u011funu vurgularken, trafikte bilin\u00e7li bireyler yeti\u015ftirilmesi ad\u0131na benzer e\u011fitimlerin devam edece\u011fini belirtti.<br \/><\/p>\n","protected":false},"excerpt":{"rendered":"<p>Mu\u011fla \u0130l Jandarma Komutanl\u0131\u011f\u0131 trafik ekipleri, trafikte can g\u00fcvenli\u011fini artt\u0131rmak amac\u0131yla &#8220;Kask\u0131n Kapal\u0131, Yolun A\u00e7\u0131k Olsun&#8221; projesi kapsam\u0131nda Kavakl\u0131dere Sad\u0131k G\u00f6\u00e7en Anadolu Lisesi \u00f6\u011frencilerine trafik e\u011fitimi verdi. Ger\u00e7ekle\u015ftirilen e\u011fitimde \u00f6\u011frencilere; genel trafik ve g\u00fcvenli s\u00fcr\u00fc\u015f kurallar\u0131, motosiklet, motorlu bisiklet, bisiklet ve scooter kullan\u0131m\u0131nda kask, koruyucu ekipman ve yelek takman\u0131n hayati \u00f6nemi, farkl\u0131 kask \u00e7e\u015fitleri ve&#8230;<\/p>\n","protected":false},"author":1,"featured_media":20727,"comment_status":"open","ping_status":"open","sticky":false,"template":"","format":"standard","meta":{"_crdt_document":"","footnotes":""},"categories":[1],"tags":[],"class_list":["post-20726","post","type-post","status-publish","format-standard","has-post-thumbnail","hentry","category-guncel"],"_links":{"self":[{"href":"https:\/\/www.egemtv.com\/index.php?rest_route=\/wp\/v2\/posts\/20726","targetHints":{"allow":["GET"]}}],"collection":[{"href":"https:\/\/www.egemtv.com\/index.php?rest_route=\/wp\/v2\/posts"}],"about":[{"href":"https:\/\/www.egemtv.com\/index.php?rest_route=\/wp\/v2\/types\/post"}],"author":[{"embeddable":true,"href":"https:\/\/www.egemtv.com\/index.php?rest_route=\/wp\/v2\/users\/1"}],"replies":[{"embeddable":true,"href":"https:\/\/www.egemtv.com\/index.php?rest_route=%2Fwp%2Fv2%2Fcomments&post=20726"}],"version-history":[{"count":1,"href":"https:\/\/www.egemtv.com\/index.php?rest_route=\/wp\/v2\/posts\/20726\/revisions"}],"predecessor-version":[{"id":20728,"href":"https:\/\/www.egemtv.com\/index.php?rest_route=\/wp\/v2\/posts\/20726\/revisions\/20728"}],"wp:featuredmedia":[{"embeddable":true,"href":"https:\/\/www.egemtv.com\/index.php?rest_route=\/wp\/v2\/media\/20727"}],"wp:attachment":[{"href":"https:\/\/www.egemtv.com\/index.php?rest_route=%2Fwp%2Fv2%2Fmedia&parent=20726"}],"wp:term":[{"taxonomy":"category","embeddable":true,"href":"https:\/\/www.egemtv.com\/index.php?rest_route=%2Fwp%2Fv2%2Fcategories&post=20726"},{"taxonomy":"post_tag","embeddable":true,"href":"https:\/\/www.egemtv.com\/index.php?rest_route=%2Fwp%2Fv2%2Ftags&post=20726"}],"curies":[{"name":"wp","href":"https:\/\/api.w.org\/{rel}","templated":true}]}}