{"id":20723,"date":"2025-02-20T09:37:00","date_gmt":"2025-02-20T06:37:00","guid":{"rendered":"https:\/\/www.egemtv.com\/?p=20723"},"modified":"2025-02-20T09:37:05","modified_gmt":"2025-02-20T06:37:05","slug":"istasyon-kusadasi-finansal-okuryazarlik-egitimine-ev-sahipligi-yapti","status":"publish","type":"post","link":"https:\/\/www.egemtv.com\/?p=20723","title":{"rendered":"\u0130stasyon Ku\u015fadas\u0131 finansal okuryazarl\u0131k e\u011fitimine ev sahipli\u011fi yapt\u0131"},"content":{"rendered":"<p>Ku\u015fadas\u0131 Belediyesi ve Habitat Derne\u011fi i\u015f birli\u011finde, kent sakinlerine y\u00f6nelik ileri teknoloji ve giri\u015fimcilik e\u011fitimlerini s\u00fcrd\u00fcren \u0130stasyon Ku\u015fadas\u0131, ATRO (Ayd\u0131n Turist Rehberleri Odas\u0131) taraf\u0131ndan d\u00fczenlenen &#8220;Finansal Okuryazarl\u0131k&#8221; e\u011fitimine ev sahipli\u011fi yapt\u0131.<\/p>\n<p>\u0130stasyon Ku\u015fadas\u0131, kap\u0131lar\u0131n\u0131 a\u00e7t\u0131\u011f\u0131 2021 y\u0131l\u0131ndan bu yana b\u00f6lge ekonomisi ile topluluklar\u0131 g\u00fc\u00e7lendirme ve kent sakinlerinin dijital d\u00f6n\u00fc\u015f\u00fcm\u00fcne katk\u0131 sunma hedefleri do\u011frultusunda farkl\u0131 ya\u015f, cinsiyet ve meslek gruplar\u0131na y\u00f6nelik e\u011fitim ve at\u00f6lye \u00e7al\u0131\u015fmalar\u0131 d\u00fczenlemenin yan\u0131 s\u0131ra topluluklar\u0131 bulu\u015fturmay\u0131 da s\u00fcrd\u00fcr\u00fcyor. Sundu\u011fu teknik ve dijital imkanlar kadar ilham verici atmosferi ile de ilgi oda\u011f\u0131 olan \u0130stasyon Ku\u015fadas\u0131, son olarak 21 \u015eubat D\u00fcnya Rehberler G\u00fcn\u00fc etkinlikleri kapsam\u0131nda ger\u00e7ekle\u015ftirilen &#8220;Finansal Okuryazarl\u0131k&#8221; e\u011fitiminde ATRO \u00fcyelerini a\u011f\u0131rlad\u0131. E\u011fitimde kat\u0131l\u0131mc\u0131lara ki\u015fisel b\u00fct\u00e7e y\u00f6netimi, tasarruf, yat\u0131r\u0131m, risk analizi gibi \u00f6nemli finansal konularda bilgi aktar\u0131ld\u0131.<\/p>\n<p>E\u011fitime kat\u0131lan ATRO Ba\u015fkan Yard\u0131mc\u0131s\u0131 Rabia \u00d6znalbant, bu y\u0131l D\u00fcnya Rehberler G\u00fcn\u00fcn\u00fc bir aya yay\u0131lan etkinliklerle kutlad\u0131klar\u0131n\u0131 belirterek &#8220;Bu s\u00fcre\u00e7te \u0130stasyon Ku\u015fadas\u0131, bizlerin bulu\u015fmas\u0131na imkanlar sa\u011flayan \u00f6nemli bir mek\u00e2n oldu. Biz burada kendimizi en az evimizdeki kadar rahat hissediyoruz. Temizli\u011fi, hijyeni, imkanlar\u0131, ilgili ve g\u00fcler y\u00fczl\u00fc personeli ile bizleri \u00e7ok iyi a\u011f\u0131rl\u0131yorlar. Eme\u011fi ge\u00e7en herkese te\u015fekk\u00fcr ediyorum&#8221; diye konu\u015ftu.<br \/><\/p>\n","protected":false},"excerpt":{"rendered":"<p>Ku\u015fadas\u0131 Belediyesi ve Habitat Derne\u011fi i\u015f birli\u011finde, kent sakinlerine y\u00f6nelik ileri teknoloji ve giri\u015fimcilik e\u011fitimlerini s\u00fcrd\u00fcren \u0130stasyon Ku\u015fadas\u0131, ATRO (Ayd\u0131n Turist Rehberleri Odas\u0131) taraf\u0131ndan d\u00fczenlenen &#8220;Finansal Okuryazarl\u0131k&#8221; e\u011fitimine ev sahipli\u011fi yapt\u0131. \u0130stasyon Ku\u015fadas\u0131, kap\u0131lar\u0131n\u0131 a\u00e7t\u0131\u011f\u0131 2021 y\u0131l\u0131ndan bu yana b\u00f6lge ekonomisi ile topluluklar\u0131 g\u00fc\u00e7lendirme ve kent sakinlerinin dijital d\u00f6n\u00fc\u015f\u00fcm\u00fcne katk\u0131 sunma hedefleri do\u011frultusunda farkl\u0131 ya\u015f,&#8230;<\/p>\n","protected":false},"author":1,"featured_media":20724,"comment_status":"open","ping_status":"open","sticky":false,"template":"","format":"standard","meta":{"_crdt_document":"","footnotes":""},"categories":[1],"tags":[],"class_list":["post-20723","post","type-post","status-publish","format-standard","has-post-thumbnail","hentry","category-guncel"],"_links":{"self":[{"href":"https:\/\/www.egemtv.com\/index.php?rest_route=\/wp\/v2\/posts\/20723","targetHints":{"allow":["GET"]}}],"collection":[{"href":"https:\/\/www.egemtv.com\/index.php?rest_route=\/wp\/v2\/posts"}],"about":[{"href":"https:\/\/www.egemtv.com\/index.php?rest_route=\/wp\/v2\/types\/post"}],"author":[{"embeddable":true,"href":"https:\/\/www.egemtv.com\/index.php?rest_route=\/wp\/v2\/users\/1"}],"replies":[{"embeddable":true,"href":"https:\/\/www.egemtv.com\/index.php?rest_route=%2Fwp%2Fv2%2Fcomments&post=20723"}],"version-history":[{"count":1,"href":"https:\/\/www.egemtv.com\/index.php?rest_route=\/wp\/v2\/posts\/20723\/revisions"}],"predecessor-version":[{"id":20725,"href":"https:\/\/www.egemtv.com\/index.php?rest_route=\/wp\/v2\/posts\/20723\/revisions\/20725"}],"wp:featuredmedia":[{"embeddable":true,"href":"https:\/\/www.egemtv.com\/index.php?rest_route=\/wp\/v2\/media\/20724"}],"wp:attachment":[{"href":"https:\/\/www.egemtv.com\/index.php?rest_route=%2Fwp%2Fv2%2Fmedia&parent=20723"}],"wp:term":[{"taxonomy":"category","embeddable":true,"href":"https:\/\/www.egemtv.com\/index.php?rest_route=%2Fwp%2Fv2%2Fcategories&post=20723"},{"taxonomy":"post_tag","embeddable":true,"href":"https:\/\/www.egemtv.com\/index.php?rest_route=%2Fwp%2Fv2%2Ftags&post=20723"}],"curies":[{"name":"wp","href":"https:\/\/api.w.org\/{rel}","templated":true}]}}