{"id":20717,"date":"2025-02-20T09:36:51","date_gmt":"2025-02-20T06:36:51","guid":{"rendered":"https:\/\/www.egemtv.com\/?p=20717"},"modified":"2025-02-20T09:36:55","modified_gmt":"2025-02-20T06:36:55","slug":"saglik-amacli-termal-yatirimlara-ihtiyac-buyuk","status":"publish","type":"post","link":"https:\/\/www.egemtv.com\/?p=20717","title":{"rendered":"Sa\u011fl\u0131k ama\u00e7l\u0131 termal yat\u0131r\u0131mlara ihtiya\u00e7 b\u00fcy\u00fck"},"content":{"rendered":"<p>T\u00fcrkiye\u2019de say\u0131lar\u0131 artan termal tesisler, sadece kapl\u0131ca turizmine odaklanan altyap\u0131 ile in\u015fa edilirken; d\u00fcnyada talebi h\u0131zla artan fizik tedavi rehabilitasyon ve termal k\u00fcr merkezlerinin \u00fclke genelindeki say\u0131s\u0131 son derece yetersiz bulunuyor.<br \/>\n<br \/>Jeotermal enerjide d\u00fcnyan\u0131n en zengin 4\u2019\u00fcnc\u00fc \u00fclkesi olan T\u00fcrkiye\u2019nin, bu alanda ta\u015f\u0131d\u0131\u011f\u0131 b\u00fcy\u00fck potansiyele dikkat \u00e7eken Jeotermal Enerji Derne\u011fi (JED) Y\u00f6netim Kurulu Ba\u015fkan\u0131 Ali K\u0131ndap, &#8220;Yat\u0131r\u0131mlar\u0131 planlanan termal turizm tesisler, profesyonel hekimler ve sa\u011fl\u0131k \u00e7al\u0131\u015fanlar\u0131n\u0131n hizmet verdi\u011fi termal tedavi, k\u00fcr ve fizik tedavi merkezleri ile birlikte planlamal\u0131d\u0131r. B\u00f6ylelikle \u00fclkemiz, b\u00fcy\u00fck potansiyel ta\u015f\u0131yan jeotermal kaynaklar\u0131ndan sa\u011fl\u0131k turizmi boyutuyla da daha fazla yararlanm\u0131\u015f olacakt\u0131r.&#8221; dedi.<\/p>\n<p>&#8220;Uluslararas\u0131 akreditasyonu olan sa\u011fl\u0131k tesisleri olmal\u0131&#8221;<br \/>\n<br \/>T\u00fcrkiye\u2019deki jeotermal kaynaklar\u0131n; s\u0131cakl\u0131k, debi, fiziksel ve kimyasal \u00f6zellikleri ile Avrupa\u2019daki \u00f6rneklerinden \u00e7ok daha \u00fcst\u00fcn nitelikler ta\u015f\u0131d\u0131\u011f\u0131n\u0131 vurgulayan K\u0131ndap, bu alanda hizmet verecek turizm tesislerinin birer hastane gibi tasarlanarak sa\u011fl\u0131k hizmeti sunan kurulu\u015flar olmas\u0131 gerekti\u011fini kaydetti.<br \/>\n<br \/>2024 y\u0131l\u0131nda hizmete giren dokuz termal otel ve bu y\u0131l hizmete girmesi planlanan 15 termal otel ile mevcuda 7 bin 500 termal yatak kapasitesinin eklenebilece\u011fi bilgisini veren JED Y\u00f6netim Kurulu Ba\u015fkan\u0131 Ali K\u0131ndap, \u015fu de\u011ferlendirmeyi yapt\u0131: &#8220;Ba\u015fta en \u00f6nemli ticaret partnerimiz olan Avrupa\u2019da k\u00fcr merkezlerindeki termal tedaviye ilgisi giderek art\u0131yor. T\u00fcrkiye bu noktada b\u00fcy\u00fck potansiyel vaat etse de, hizmete giren ve yat\u0131r\u0131m a\u015famas\u0131nda olan tesislerimiz daha \u00e7ok kapl\u0131ca turizmine odaklanan altyap\u0131lara sahip. Y\u00fcz milyonlarca dolar yat\u0131r\u0131m yapt\u0131\u011f\u0131m\u0131z bu tesislerimiz, uluslararas\u0131 akreditasyonu olan fizik tedavi ve rehabilitasyon, balneoterapi ve k\u00fcr tedavisi merkezleri ile birlikte planlanmal\u0131. Bu tesisle\u015fme at\u0131l\u0131m\u0131n\u0131 yaparsak, milyarlarca dolar gelir elde etmemiz m\u00fcmk\u00fcn.&#8221;<\/p>\n<p>&#8220;Ki\u015fi ba\u015f\u0131na turizm geliri iki kat artabilir&#8221;<br \/>\n<br \/>JED Y\u00f6netim Kurulu Ba\u015fkan\u0131 Ali K\u0131ndap, Anadolu co\u011frafyas\u0131n\u0131n d\u00fcnyada jeotermal kaynaklarla sa\u011fl\u0131k uygulamalar\u0131n\u0131n ilk uyguland\u0131\u011f\u0131 co\u011frafya oldu\u011funa i\u015faret ederek, T\u00fcrkiye\u2019nin jeotermal enerjide Avrupa\u2019n\u0131n lider \u00fclkesi olmas\u0131na ra\u011fmen sadece 70 bin termal yatak kapasitesine sahip oldu\u011funu an\u0131msatt\u0131.<br \/>\n<br \/>T\u00fcrkiye ile k\u0131yaslanmayacak kadar az kayna\u011f\u0131 Almanya\u2019n\u0131n 750 bin termal yatak kapasitesi ile her y\u0131l 10 milyondan fazla turiste ev sahipli\u011fi yapt\u0131\u011f\u0131n\u0131 belirten K\u0131ndap, &#8220;Rekorlarla kapatt\u0131\u011f\u0131m\u0131z 2024 y\u0131l\u0131nda 62,2 milyon turisti misafir ettik ve toplamda 61,1 milyar dolar gelir elde ettik. Turizt ba\u015f\u0131na gelirimiz ise 1000 dolar seviyesinde kald\u0131. \u00dclkemizde termal turizmden yararlananlar\u0131n say\u0131s\u0131 ise sadece 3 milyon seviyesinde. Bu say\u0131n\u0131n hemen t\u00fcm\u00fc yerli turistlerden olu\u015fuyor. Termal tedavi merkezleri ile ki\u015fi ba\u015f\u0131na elde etti\u011fimiz turizm gelirimizi en az iki kat\u0131na \u00e7\u0131karmam\u0131z m\u00fcmk\u00fcn&#8221; dedi.<\/p>\n<p>Yeni termal otellerin a\u011f\u0131rl\u0131\u011f\u0131 Afyonkarahisar\u2019da<br \/>\n<br \/>T\u00fcrkiye\u2019de 2024 y\u0131l\u0131nda 9 adet termal turizm tesisi hizmete girerken, 2025 y\u0131l\u0131 ve sonras\u0131nda 15 yeni termal otel daha hizmet vermeye ba\u015flayacak. Bu tesislerin 11\u2019i 5 y\u0131ld\u0131zl\u0131 ve 4 bin 622 yata\u011fa sahip, 4 adeti ise 4 y\u0131ld\u0131zl\u0131 ve 974 yata\u011fa sahip olacak.<br \/>\n<br \/>Toplamda ise yatak say\u0131s\u0131 5 bin 596 adete ula\u015facak. 2025 y\u0131l\u0131 ve sonras\u0131nda a\u00e7\u0131lacak yeni termal otel s\u0131ralamas\u0131nda 2 bin 150 yatak ile Afyonkarahisar ilk s\u0131rada yer al\u0131yor. Afyon\u2019u 5 y\u0131ld\u0131zl\u0131 iki otel ve toplam 620 yatak say\u0131s\u0131 ile Konya ve 4 ve 5 y\u0131ld\u0131zl\u0131 2 otel toplam 578 yatak say\u0131s\u0131 ile Diyarbak\u0131r takip ediyor. Bu illeri ise 4 y\u0131ld\u0131zl\u0131 bir otel 550 yatak say\u0131s\u0131 ile \u0130zmir, 4 ve 5 y\u0131ld\u0131zl\u0131 birer tesis toplam 524 yatak ile Bursa, 5 y\u0131ld\u0131zl\u0131 bir tesis ve 410 yatak say\u0131s\u0131 ile U\u015fak, 4 ve 5 y\u0131ld\u0131zl\u0131 birer otel ile toplam 304 yatak ile Bal\u0131kesir, 5 y\u0131ld\u0131zl\u0131 bir tesis ve 300 yatak ile K\u00fctahya ve 5 y\u0131ld\u0131zl\u0131 bir otel 160 yatak ile Erzurum takip ediyor.<br \/><\/p>\n","protected":false},"excerpt":{"rendered":"<p>T\u00fcrkiye\u2019de say\u0131lar\u0131 artan termal tesisler, sadece kapl\u0131ca turizmine odaklanan altyap\u0131 ile in\u015fa edilirken; d\u00fcnyada talebi h\u0131zla artan fizik tedavi rehabilitasyon ve termal k\u00fcr merkezlerinin \u00fclke genelindeki say\u0131s\u0131 son derece yetersiz bulunuyor. Jeotermal enerjide d\u00fcnyan\u0131n en zengin 4\u2019\u00fcnc\u00fc \u00fclkesi olan T\u00fcrkiye\u2019nin, bu alanda ta\u015f\u0131d\u0131\u011f\u0131 b\u00fcy\u00fck potansiyele dikkat \u00e7eken Jeotermal Enerji Derne\u011fi (JED) Y\u00f6netim Kurulu Ba\u015fkan\u0131 Ali&#8230;<\/p>\n","protected":false},"author":1,"featured_media":20718,"comment_status":"open","ping_status":"open","sticky":false,"template":"","format":"standard","meta":{"_crdt_document":"","footnotes":""},"categories":[125],"tags":[],"class_list":["post-20717","post","type-post","status-publish","format-standard","has-post-thumbnail","hentry","category-ekonomi"],"_links":{"self":[{"href":"https:\/\/www.egemtv.com\/index.php?rest_route=\/wp\/v2\/posts\/20717","targetHints":{"allow":["GET"]}}],"collection":[{"href":"https:\/\/www.egemtv.com\/index.php?rest_route=\/wp\/v2\/posts"}],"about":[{"href":"https:\/\/www.egemtv.com\/index.php?rest_route=\/wp\/v2\/types\/post"}],"author":[{"embeddable":true,"href":"https:\/\/www.egemtv.com\/index.php?rest_route=\/wp\/v2\/users\/1"}],"replies":[{"embeddable":true,"href":"https:\/\/www.egemtv.com\/index.php?rest_route=%2Fwp%2Fv2%2Fcomments&post=20717"}],"version-history":[{"count":1,"href":"https:\/\/www.egemtv.com\/index.php?rest_route=\/wp\/v2\/posts\/20717\/revisions"}],"predecessor-version":[{"id":20719,"href":"https:\/\/www.egemtv.com\/index.php?rest_route=\/wp\/v2\/posts\/20717\/revisions\/20719"}],"wp:featuredmedia":[{"embeddable":true,"href":"https:\/\/www.egemtv.com\/index.php?rest_route=\/wp\/v2\/media\/20718"}],"wp:attachment":[{"href":"https:\/\/www.egemtv.com\/index.php?rest_route=%2Fwp%2Fv2%2Fmedia&parent=20717"}],"wp:term":[{"taxonomy":"category","embeddable":true,"href":"https:\/\/www.egemtv.com\/index.php?rest_route=%2Fwp%2Fv2%2Fcategories&post=20717"},{"taxonomy":"post_tag","embeddable":true,"href":"https:\/\/www.egemtv.com\/index.php?rest_route=%2Fwp%2Fv2%2Ftags&post=20717"}],"curies":[{"name":"wp","href":"https:\/\/api.w.org\/{rel}","templated":true}]}}