{"id":20711,"date":"2025-02-20T09:23:24","date_gmt":"2025-02-20T06:23:24","guid":{"rendered":"https:\/\/www.egemtv.com\/?p=20711"},"modified":"2025-02-20T09:23:28","modified_gmt":"2025-02-20T06:23:28","slug":"buharkentte-ekipler-ogrenciler-icin-sahaya-indi","status":"publish","type":"post","link":"https:\/\/www.egemtv.com\/?p=20711","title":{"rendered":"Buharkent\u2019te ekipler, \u00f6\u011frenciler i\u00e7in sahaya indi"},"content":{"rendered":"<p>Ayd\u0131n\u2019\u0131n Buharkent il\u00e7esinde jandarma ve polis ekipleri, \u00f6\u011frenciler i\u00e7in sahaya inerek, il\u00e7e genelindeki okul servislerinde denetim ger\u00e7ekle\u015ftirdi.<\/p>\n<p>Buharkent Kaymakaml\u0131\u011f\u0131 koordinesinde \u00f6\u011frencilerin can g\u00fcvenli\u011finin sa\u011flanmas\u0131 amac\u0131yla y\u00fcr\u00fct\u00fclen denetimler aral\u0131ks\u0131z s\u00fcr\u00fcyor. Bu \u00e7er\u00e7evede \u00f6\u011frenciler i\u00e7in sahaya inen \u0130l\u00e7e Emniyet M\u00fcd\u00fcrl\u00fc\u011f\u00fc ve \u0130l\u00e7e Jandarma Komutanl\u0131\u011f\u0131 ekipleri, okul servislerinde denetim ger\u00e7ekle\u015ftirdi. Ara\u00e7larda belge kontrolleri ger\u00e7ekle\u015ftiren ekipler, servis \u015fof\u00f6rlerini de y\u00f6netmelik ve mevzuatlar konusunda bilgilendirdi. Ayr\u0131ca \u00f6\u011frencileri de genel trafik kurallar\u0131 konusunda \u00f6\u011frencileri bilgilendiren ekipler, servise inip binme, emniyet kemeri kullan\u0131m\u0131 gibi konularda da e\u011fitim verdi.<\/p>\n<p>Konu ile ilgili Buharkent Kaymakaml\u0131\u011f\u0131\u2019ndan yap\u0131lan a\u00e7\u0131klamada &#8220;\u0130l\u00e7emizde, \u00f6\u011frencilerimizin okul servis ara\u00e7lar\u0131nda huzur ve g\u00fcven i\u00e7erisinde yolculuk yapmalar\u0131n\u0131 sa\u011flamak amac\u0131yla \u0130l\u00e7e Milli E\u011fitim M\u00fcd\u00fcrl\u00fc\u011f\u00fc, \u0130l\u00e7e Emniyet Amirli\u011fi ve Jandarma Trafik Ekiplerince okul servis ara\u00e7lar\u0131 denetimi ger\u00e7ekle\u015ftirilmi\u015ftir&#8221; ifadeleri yer ald\u0131.<br \/><\/p>\n","protected":false},"excerpt":{"rendered":"<p>Ayd\u0131n\u2019\u0131n Buharkent il\u00e7esinde jandarma ve polis ekipleri, \u00f6\u011frenciler i\u00e7in sahaya inerek, il\u00e7e genelindeki okul servislerinde denetim ger\u00e7ekle\u015ftirdi. Buharkent Kaymakaml\u0131\u011f\u0131 koordinesinde \u00f6\u011frencilerin can g\u00fcvenli\u011finin sa\u011flanmas\u0131 amac\u0131yla y\u00fcr\u00fct\u00fclen denetimler aral\u0131ks\u0131z s\u00fcr\u00fcyor. Bu \u00e7er\u00e7evede \u00f6\u011frenciler i\u00e7in sahaya inen \u0130l\u00e7e Emniyet M\u00fcd\u00fcrl\u00fc\u011f\u00fc ve \u0130l\u00e7e Jandarma Komutanl\u0131\u011f\u0131 ekipleri, okul servislerinde denetim ger\u00e7ekle\u015ftirdi. Ara\u00e7larda belge kontrolleri ger\u00e7ekle\u015ftiren ekipler, servis \u015fof\u00f6rlerini de&#8230;<\/p>\n","protected":false},"author":1,"featured_media":20712,"comment_status":"open","ping_status":"open","sticky":false,"template":"","format":"standard","meta":{"_crdt_document":"","footnotes":""},"categories":[1],"tags":[],"class_list":["post-20711","post","type-post","status-publish","format-standard","has-post-thumbnail","hentry","category-guncel"],"_links":{"self":[{"href":"https:\/\/www.egemtv.com\/index.php?rest_route=\/wp\/v2\/posts\/20711","targetHints":{"allow":["GET"]}}],"collection":[{"href":"https:\/\/www.egemtv.com\/index.php?rest_route=\/wp\/v2\/posts"}],"about":[{"href":"https:\/\/www.egemtv.com\/index.php?rest_route=\/wp\/v2\/types\/post"}],"author":[{"embeddable":true,"href":"https:\/\/www.egemtv.com\/index.php?rest_route=\/wp\/v2\/users\/1"}],"replies":[{"embeddable":true,"href":"https:\/\/www.egemtv.com\/index.php?rest_route=%2Fwp%2Fv2%2Fcomments&post=20711"}],"version-history":[{"count":1,"href":"https:\/\/www.egemtv.com\/index.php?rest_route=\/wp\/v2\/posts\/20711\/revisions"}],"predecessor-version":[{"id":20713,"href":"https:\/\/www.egemtv.com\/index.php?rest_route=\/wp\/v2\/posts\/20711\/revisions\/20713"}],"wp:featuredmedia":[{"embeddable":true,"href":"https:\/\/www.egemtv.com\/index.php?rest_route=\/wp\/v2\/media\/20712"}],"wp:attachment":[{"href":"https:\/\/www.egemtv.com\/index.php?rest_route=%2Fwp%2Fv2%2Fmedia&parent=20711"}],"wp:term":[{"taxonomy":"category","embeddable":true,"href":"https:\/\/www.egemtv.com\/index.php?rest_route=%2Fwp%2Fv2%2Fcategories&post=20711"},{"taxonomy":"post_tag","embeddable":true,"href":"https:\/\/www.egemtv.com\/index.php?rest_route=%2Fwp%2Fv2%2Ftags&post=20711"}],"curies":[{"name":"wp","href":"https:\/\/api.w.org\/{rel}","templated":true}]}}