{"id":20708,"date":"2025-02-20T09:04:50","date_gmt":"2025-02-20T06:04:50","guid":{"rendered":"https:\/\/www.egemtv.com\/?p=20708"},"modified":"2025-02-20T09:04:56","modified_gmt":"2025-02-20T06:04:56","slug":"otomobil-park-etmeye-calisan-kamyonete-carpti-1-olu-4-yarali","status":"publish","type":"post","link":"https:\/\/www.egemtv.com\/?p=20708","title":{"rendered":"Otomobil, park etmeye \u00e7al\u0131\u015fan kamyonete \u00e7arpt\u0131: 1 \u00f6l\u00fc, 4 yaral\u0131"},"content":{"rendered":"<p>Denizli\u2019nin Pamukkale il\u00e7esinde seyir halindeki alkoll\u00fc s\u00fcr\u00fcc\u00fc, park etmeye \u00e7al\u0131\u015fan kamyonete \u00e7arpt\u0131. \u00c7arpman\u0131n etkisiyle kamyonet ve ara\u00e7 hurdaya d\u00f6nd\u00fc. Kaza sonucu s\u00fcr\u00fcc\u00fcn\u00fcn 17 ya\u015f\u0131ndaki o\u011flu hayat\u0131n\u0131 kaybederken, 1\u2019i bebek 4 ki\u015fi de yaraland\u0131.<br \/>\n<br \/>Kaza, Pamukkale il\u00e7esi Zeytink\u00f6y Mahallesi\u2019nde meydana geldi. Edinilen bilgilere g\u00f6re; Fevzi \u00c7akmak Caddesi g\u00fczergah\u0131nda seyir halinde olan Mehmet Egeli (40) idaresindeki 07 FEB 53 plakal\u0131 otomobil, park etmeye \u00e7al\u0131\u015fan S\u00fcleyman Torga idaresindeki 48 ANA 517 plakal\u0131 kamyonete \u00e7arpt\u0131. \u00c7arpman\u0131n etkisiyle kamyonet ve otomobil hurdaya d\u00f6nd\u00fc. Kazay\u0131 g\u00f6ren \u00e7evredeki vatanda\u015flar\u0131n ihbar\u0131 \u00fczerine b\u00f6lgeye itfaiye, sa\u011fl\u0131k ve polis ekipleri sevk edildi. B\u00f6lgeye gelen sa\u011fl\u0131k ekipleri transitte bulunan S\u00fcleyman Torga, 4 ya\u015f\u0131ndaki \u00e7ocu\u011fu ve 3 ayl\u0131k bebe\u011fine ilk m\u00fcdahalelerin ard\u0131ndan ambulans ile hastaneye sevk etti. Polis ekipleri ise otomobilde bulunan s\u00fcr\u00fcc\u00fc Mehmet Egeli\u2019ye yapt\u0131klar\u0131 testler sonucunda alkoll\u00fc oldu\u011fu \u00f6\u011frenildi.<br \/>\n<br \/>Otomobilin yan koltu\u011funda oturan Kadir Egeli (17) sa\u011fl\u0131k ekiplerinin kontrol\u00fc sonucunda olay yerinde hayat\u0131n\u0131 kaybetti\u011fi belirlendi. Ara\u00e7ta s\u0131k\u0131\u015fan Kadir Egeli itfaiye ekiplerinin \u00e7al\u0131\u015fmalar\u0131n\u0131n ard\u0131ndan s\u0131k\u0131\u015ft\u0131\u011f\u0131 b\u00f6l\u00fcmden \u00e7\u0131kart\u0131ld\u0131. Kadir Egeli\u2019nin cans\u0131z bedeni otopsi yap\u0131lmak \u00fczere Adli T\u0131p Kurumu Morgu\u2019na kald\u0131r\u0131ld\u0131.<br \/><\/p>\n","protected":false},"excerpt":{"rendered":"<p>Denizli\u2019nin Pamukkale il\u00e7esinde seyir halindeki alkoll\u00fc s\u00fcr\u00fcc\u00fc, park etmeye \u00e7al\u0131\u015fan kamyonete \u00e7arpt\u0131. \u00c7arpman\u0131n etkisiyle kamyonet ve ara\u00e7 hurdaya d\u00f6nd\u00fc. Kaza sonucu s\u00fcr\u00fcc\u00fcn\u00fcn 17 ya\u015f\u0131ndaki o\u011flu hayat\u0131n\u0131 kaybederken, 1\u2019i bebek 4 ki\u015fi de yaraland\u0131. Kaza, Pamukkale il\u00e7esi Zeytink\u00f6y Mahallesi\u2019nde meydana geldi. Edinilen bilgilere g\u00f6re; Fevzi \u00c7akmak Caddesi g\u00fczergah\u0131nda seyir halinde olan Mehmet Egeli (40) idaresindeki 07&#8230;<\/p>\n","protected":false},"author":1,"featured_media":20709,"comment_status":"open","ping_status":"open","sticky":false,"template":"","format":"standard","meta":{"_crdt_document":"","footnotes":""},"categories":[5],"tags":[],"class_list":["post-20708","post","type-post","status-publish","format-standard","has-post-thumbnail","hentry","category-asayis"],"_links":{"self":[{"href":"https:\/\/www.egemtv.com\/index.php?rest_route=\/wp\/v2\/posts\/20708","targetHints":{"allow":["GET"]}}],"collection":[{"href":"https:\/\/www.egemtv.com\/index.php?rest_route=\/wp\/v2\/posts"}],"about":[{"href":"https:\/\/www.egemtv.com\/index.php?rest_route=\/wp\/v2\/types\/post"}],"author":[{"embeddable":true,"href":"https:\/\/www.egemtv.com\/index.php?rest_route=\/wp\/v2\/users\/1"}],"replies":[{"embeddable":true,"href":"https:\/\/www.egemtv.com\/index.php?rest_route=%2Fwp%2Fv2%2Fcomments&post=20708"}],"version-history":[{"count":1,"href":"https:\/\/www.egemtv.com\/index.php?rest_route=\/wp\/v2\/posts\/20708\/revisions"}],"predecessor-version":[{"id":20710,"href":"https:\/\/www.egemtv.com\/index.php?rest_route=\/wp\/v2\/posts\/20708\/revisions\/20710"}],"wp:featuredmedia":[{"embeddable":true,"href":"https:\/\/www.egemtv.com\/index.php?rest_route=\/wp\/v2\/media\/20709"}],"wp:attachment":[{"href":"https:\/\/www.egemtv.com\/index.php?rest_route=%2Fwp%2Fv2%2Fmedia&parent=20708"}],"wp:term":[{"taxonomy":"category","embeddable":true,"href":"https:\/\/www.egemtv.com\/index.php?rest_route=%2Fwp%2Fv2%2Fcategories&post=20708"},{"taxonomy":"post_tag","embeddable":true,"href":"https:\/\/www.egemtv.com\/index.php?rest_route=%2Fwp%2Fv2%2Ftags&post=20708"}],"curies":[{"name":"wp","href":"https:\/\/api.w.org\/{rel}","templated":true}]}}