{"id":20705,"date":"2025-02-20T00:13:19","date_gmt":"2025-02-19T21:13:19","guid":{"rendered":"https:\/\/www.egemtv.com\/?p=20705"},"modified":"2025-02-20T00:13:23","modified_gmt":"2025-02-19T21:13:23","slug":"fethiyede-polisten-pansiyonlara-denetim","status":"publish","type":"post","link":"https:\/\/www.egemtv.com\/?p=20705","title":{"rendered":"Fethiye\u2019de polisten pansiyonlara denetim"},"content":{"rendered":"<p>Mu\u011fla\u2019n\u0131n Fethiye il\u00e7esinde polis taraf\u0131ndan pansiyonlarda yap\u0131lan denetimde 19 d\u00fczensiz g\u00f6\u00e7men yakaland\u0131.<\/p>\n<p>Edinilen bilgiye g\u00f6re, polis ekiplerince pansiyonlarda denetim ger\u00e7ekle\u015ftirildi. \u0130l\u00e7e Emniyet M\u00fcd\u00fcrl\u00fc\u011f\u00fc ile \u0130l\u00e7e G\u00f6\u00e7 \u0130daresi M\u00fcd\u00fcrl\u00fc\u011f\u00fc ekiplerince kent merkezinde pansiyonlarda d\u00fczensiz g\u00f6\u00e7menlere y\u00f6nelik denetim ger\u00e7ekle\u015ftirildi. Ger\u00e7ekle\u015ftirilen denetimlere 50 personel kat\u0131ld\u0131. Denetimlerde19 d\u00fczensiz g\u00f6\u00e7men yakaland\u0131.<\/p>\n<p>D\u00fczensiz g\u00f6\u00e7menlerin, i\u015flemlerinin ard\u0131ndan \u0130l G\u00f6\u00e7 \u0130daresi M\u00fcd\u00fcrl\u00fc\u011f\u00fc\u2019ne teslim edilece\u011fi \u00f6\u011frenildi.<br \/><\/p>\n","protected":false},"excerpt":{"rendered":"<p>Mu\u011fla\u2019n\u0131n Fethiye il\u00e7esinde polis taraf\u0131ndan pansiyonlarda yap\u0131lan denetimde 19 d\u00fczensiz g\u00f6\u00e7men yakaland\u0131. Edinilen bilgiye g\u00f6re, polis ekiplerince pansiyonlarda denetim ger\u00e7ekle\u015ftirildi. \u0130l\u00e7e Emniyet M\u00fcd\u00fcrl\u00fc\u011f\u00fc ile \u0130l\u00e7e G\u00f6\u00e7 \u0130daresi M\u00fcd\u00fcrl\u00fc\u011f\u00fc ekiplerince kent merkezinde pansiyonlarda d\u00fczensiz g\u00f6\u00e7menlere y\u00f6nelik denetim ger\u00e7ekle\u015ftirildi. Ger\u00e7ekle\u015ftirilen denetimlere 50 personel kat\u0131ld\u0131. Denetimlerde19 d\u00fczensiz g\u00f6\u00e7men yakaland\u0131. D\u00fczensiz g\u00f6\u00e7menlerin, i\u015flemlerinin ard\u0131ndan \u0130l G\u00f6\u00e7 \u0130daresi M\u00fcd\u00fcrl\u00fc\u011f\u00fc\u2019ne teslim&#8230;<\/p>\n","protected":false},"author":1,"featured_media":20706,"comment_status":"open","ping_status":"open","sticky":false,"template":"","format":"standard","meta":{"_crdt_document":"","footnotes":""},"categories":[5],"tags":[],"class_list":["post-20705","post","type-post","status-publish","format-standard","has-post-thumbnail","hentry","category-asayis"],"_links":{"self":[{"href":"https:\/\/www.egemtv.com\/index.php?rest_route=\/wp\/v2\/posts\/20705","targetHints":{"allow":["GET"]}}],"collection":[{"href":"https:\/\/www.egemtv.com\/index.php?rest_route=\/wp\/v2\/posts"}],"about":[{"href":"https:\/\/www.egemtv.com\/index.php?rest_route=\/wp\/v2\/types\/post"}],"author":[{"embeddable":true,"href":"https:\/\/www.egemtv.com\/index.php?rest_route=\/wp\/v2\/users\/1"}],"replies":[{"embeddable":true,"href":"https:\/\/www.egemtv.com\/index.php?rest_route=%2Fwp%2Fv2%2Fcomments&post=20705"}],"version-history":[{"count":1,"href":"https:\/\/www.egemtv.com\/index.php?rest_route=\/wp\/v2\/posts\/20705\/revisions"}],"predecessor-version":[{"id":20707,"href":"https:\/\/www.egemtv.com\/index.php?rest_route=\/wp\/v2\/posts\/20705\/revisions\/20707"}],"wp:featuredmedia":[{"embeddable":true,"href":"https:\/\/www.egemtv.com\/index.php?rest_route=\/wp\/v2\/media\/20706"}],"wp:attachment":[{"href":"https:\/\/www.egemtv.com\/index.php?rest_route=%2Fwp%2Fv2%2Fmedia&parent=20705"}],"wp:term":[{"taxonomy":"category","embeddable":true,"href":"https:\/\/www.egemtv.com\/index.php?rest_route=%2Fwp%2Fv2%2Fcategories&post=20705"},{"taxonomy":"post_tag","embeddable":true,"href":"https:\/\/www.egemtv.com\/index.php?rest_route=%2Fwp%2Fv2%2Ftags&post=20705"}],"curies":[{"name":"wp","href":"https:\/\/api.w.org\/{rel}","templated":true}]}}