{"id":20702,"date":"2025-02-19T23:18:54","date_gmt":"2025-02-19T20:18:54","guid":{"rendered":"https:\/\/www.egemtv.com\/?p=20702"},"modified":"2025-02-19T23:19:00","modified_gmt":"2025-02-19T20:19:00","slug":"fethiyede-iki-katli-ev-alevlere-teslim-oldu","status":"publish","type":"post","link":"https:\/\/www.egemtv.com\/?p=20702","title":{"rendered":"Fethiye\u2019de iki katl\u0131 ev alevlere teslim oldu"},"content":{"rendered":"<p>Mu\u011fla\u2019n\u0131n Fethiye il\u00e7esinde \u00e7\u0131kan yang\u0131nda iki katl\u0131 ev alevlere teslim oldu.<\/p>\n<p>Yang\u0131n \u0130ncirk\u00f6y Mahallesi\u2019nde meydana geldi. Edinilen bilgiye g\u00f6re, iki katl\u0131 evde hen\u00fcz bilinmeyen bir nedenle yang\u0131n \u00e7\u0131kt\u0131. Alevleri fark eden mahalle sakinleri 112 Acil \u00c7a\u011fr\u0131 Merkezi\u2019ni arayarak ihbarda bulundu. \u0130hbar\u0131n ard\u0131ndan b\u00f6lgeye \u00e7ok say\u0131da itfaiye ekibi, Fethiye Orman \u0130\u015fletme M\u00fcd\u00fcrl\u00fc\u011f\u00fc\u2019neba\u011fl\u0131 araz\u00f6zler ile jandarma ekipleri sevk edildi. Alevlerin h\u0131zla yay\u0131lmas\u0131 \u00fczerine mahalle sakinleri taraf\u0131ndan evde bulunan Saffet G. (69) tahliye edildi. Yang\u0131n nedeniyle ev kullan\u0131lmaz hale geldi.<br \/>\n<br \/>Yang\u0131nla ilgili inceleme ba\u015flat\u0131ld\u0131.<br \/><\/p>\n","protected":false},"excerpt":{"rendered":"<p>Mu\u011fla\u2019n\u0131n Fethiye il\u00e7esinde \u00e7\u0131kan yang\u0131nda iki katl\u0131 ev alevlere teslim oldu. Yang\u0131n \u0130ncirk\u00f6y Mahallesi\u2019nde meydana geldi. Edinilen bilgiye g\u00f6re, iki katl\u0131 evde hen\u00fcz bilinmeyen bir nedenle yang\u0131n \u00e7\u0131kt\u0131. Alevleri fark eden mahalle sakinleri 112 Acil \u00c7a\u011fr\u0131 Merkezi\u2019ni arayarak ihbarda bulundu. \u0130hbar\u0131n ard\u0131ndan b\u00f6lgeye \u00e7ok say\u0131da itfaiye ekibi, Fethiye Orman \u0130\u015fletme M\u00fcd\u00fcrl\u00fc\u011f\u00fc\u2019neba\u011fl\u0131 araz\u00f6zler ile jandarma ekipleri&#8230;<\/p>\n","protected":false},"author":1,"featured_media":20703,"comment_status":"open","ping_status":"open","sticky":false,"template":"","format":"standard","meta":{"_crdt_document":"","footnotes":""},"categories":[5],"tags":[],"class_list":["post-20702","post","type-post","status-publish","format-standard","has-post-thumbnail","hentry","category-asayis"],"_links":{"self":[{"href":"https:\/\/www.egemtv.com\/index.php?rest_route=\/wp\/v2\/posts\/20702","targetHints":{"allow":["GET"]}}],"collection":[{"href":"https:\/\/www.egemtv.com\/index.php?rest_route=\/wp\/v2\/posts"}],"about":[{"href":"https:\/\/www.egemtv.com\/index.php?rest_route=\/wp\/v2\/types\/post"}],"author":[{"embeddable":true,"href":"https:\/\/www.egemtv.com\/index.php?rest_route=\/wp\/v2\/users\/1"}],"replies":[{"embeddable":true,"href":"https:\/\/www.egemtv.com\/index.php?rest_route=%2Fwp%2Fv2%2Fcomments&post=20702"}],"version-history":[{"count":1,"href":"https:\/\/www.egemtv.com\/index.php?rest_route=\/wp\/v2\/posts\/20702\/revisions"}],"predecessor-version":[{"id":20704,"href":"https:\/\/www.egemtv.com\/index.php?rest_route=\/wp\/v2\/posts\/20702\/revisions\/20704"}],"wp:featuredmedia":[{"embeddable":true,"href":"https:\/\/www.egemtv.com\/index.php?rest_route=\/wp\/v2\/media\/20703"}],"wp:attachment":[{"href":"https:\/\/www.egemtv.com\/index.php?rest_route=%2Fwp%2Fv2%2Fmedia&parent=20702"}],"wp:term":[{"taxonomy":"category","embeddable":true,"href":"https:\/\/www.egemtv.com\/index.php?rest_route=%2Fwp%2Fv2%2Fcategories&post=20702"},{"taxonomy":"post_tag","embeddable":true,"href":"https:\/\/www.egemtv.com\/index.php?rest_route=%2Fwp%2Fv2%2Ftags&post=20702"}],"curies":[{"name":"wp","href":"https:\/\/api.w.org\/{rel}","templated":true}]}}