{"id":20699,"date":"2025-02-19T22:17:34","date_gmt":"2025-02-19T19:17:34","guid":{"rendered":"https:\/\/www.egemtv.com\/?p=20699"},"modified":"2025-02-19T22:17:38","modified_gmt":"2025-02-19T19:17:38","slug":"kontrolden-cikarak-sarampole-ucan-otomobil-surucusu-hayatini-kaybetti","status":"publish","type":"post","link":"https:\/\/www.egemtv.com\/?p=20699","title":{"rendered":"Kontrolden \u00e7\u0131karak \u015farampole u\u00e7an otomobil s\u00fcr\u00fcc\u00fcs\u00fc hayat\u0131n\u0131 kaybetti"},"content":{"rendered":"<p>Burdur\u2019un A\u011flasun il\u00e7esinde, kontrolden \u00e7\u0131karak \u015farampole u\u00e7an otomobilin s\u00fcr\u00fcc\u00fcs\u00fc olay yerinde hayat\u0131n\u0131 kaybetti.<br \/>\n<br \/>Kaza, saat 19.30 s\u0131ralar\u0131nda Burdur\u2019un A\u011flasun il\u00e7esi Kiprit k\u00f6y\u00fc yolu \u00fczerinde meydana geldi. Edinilen bilgilere g\u00f6re, Cengiz \u00c7etiner idaresindeki 07 ABH 456 plakal\u0131 Honda marka otomobil s\u00fcr\u00fcc\u00fcs\u00fcn\u00fcn direksiyon hakimiyetini kaybetmesi sonucu kontrolden \u00e7\u0131karak \u015farampole u\u00e7tu. \u00c7evredekilerin 112 Acil \u00c7a\u011fr\u0131 Merkezine ihbar\u0131 \u00fczerine olay yerine itfaiye, sa\u011fl\u0131k, polis ve jandarma ekipleri sevk edildi. Olay yerine gelen sa\u011fl\u0131k ekipleri taraf\u0131ndan yap\u0131lan kontrollerde s\u00fcr\u00fcc\u00fc \u00c7etiner\u2019in hayat\u0131n\u0131 kaybetti\u011fi belirlendi. Savc\u0131 ve olay yeri inceleme ekiplerinin \u00e7al\u0131\u015fmalar\u0131n\u0131n ard\u0131ndan \u00c7etiner\u2019in cenazesi otopsi yap\u0131lmak \u00fczere morga kald\u0131r\u0131ld\u0131. Kazayla ilgili inceleme ba\u015flat\u0131ld\u0131.<br \/><\/p>\n","protected":false},"excerpt":{"rendered":"<p>Burdur\u2019un A\u011flasun il\u00e7esinde, kontrolden \u00e7\u0131karak \u015farampole u\u00e7an otomobilin s\u00fcr\u00fcc\u00fcs\u00fc olay yerinde hayat\u0131n\u0131 kaybetti. Kaza, saat 19.30 s\u0131ralar\u0131nda Burdur\u2019un A\u011flasun il\u00e7esi Kiprit k\u00f6y\u00fc yolu \u00fczerinde meydana geldi. Edinilen bilgilere g\u00f6re, Cengiz \u00c7etiner idaresindeki 07 ABH 456 plakal\u0131 Honda marka otomobil s\u00fcr\u00fcc\u00fcs\u00fcn\u00fcn direksiyon hakimiyetini kaybetmesi sonucu kontrolden \u00e7\u0131karak \u015farampole u\u00e7tu. \u00c7evredekilerin 112 Acil \u00c7a\u011fr\u0131 Merkezine ihbar\u0131 \u00fczerine&#8230;<\/p>\n","protected":false},"author":1,"featured_media":20700,"comment_status":"open","ping_status":"open","sticky":false,"template":"","format":"standard","meta":{"_crdt_document":"","footnotes":""},"categories":[5],"tags":[],"class_list":["post-20699","post","type-post","status-publish","format-standard","has-post-thumbnail","hentry","category-asayis"],"_links":{"self":[{"href":"https:\/\/www.egemtv.com\/index.php?rest_route=\/wp\/v2\/posts\/20699","targetHints":{"allow":["GET"]}}],"collection":[{"href":"https:\/\/www.egemtv.com\/index.php?rest_route=\/wp\/v2\/posts"}],"about":[{"href":"https:\/\/www.egemtv.com\/index.php?rest_route=\/wp\/v2\/types\/post"}],"author":[{"embeddable":true,"href":"https:\/\/www.egemtv.com\/index.php?rest_route=\/wp\/v2\/users\/1"}],"replies":[{"embeddable":true,"href":"https:\/\/www.egemtv.com\/index.php?rest_route=%2Fwp%2Fv2%2Fcomments&post=20699"}],"version-history":[{"count":1,"href":"https:\/\/www.egemtv.com\/index.php?rest_route=\/wp\/v2\/posts\/20699\/revisions"}],"predecessor-version":[{"id":20701,"href":"https:\/\/www.egemtv.com\/index.php?rest_route=\/wp\/v2\/posts\/20699\/revisions\/20701"}],"wp:featuredmedia":[{"embeddable":true,"href":"https:\/\/www.egemtv.com\/index.php?rest_route=\/wp\/v2\/media\/20700"}],"wp:attachment":[{"href":"https:\/\/www.egemtv.com\/index.php?rest_route=%2Fwp%2Fv2%2Fmedia&parent=20699"}],"wp:term":[{"taxonomy":"category","embeddable":true,"href":"https:\/\/www.egemtv.com\/index.php?rest_route=%2Fwp%2Fv2%2Fcategories&post=20699"},{"taxonomy":"post_tag","embeddable":true,"href":"https:\/\/www.egemtv.com\/index.php?rest_route=%2Fwp%2Fv2%2Ftags&post=20699"}],"curies":[{"name":"wp","href":"https:\/\/api.w.org\/{rel}","templated":true}]}}