{"id":20694,"date":"2025-02-19T21:54:25","date_gmt":"2025-02-19T18:54:25","guid":{"rendered":"https:\/\/www.egemtv.com\/?p=20694"},"modified":"2025-02-19T21:54:31","modified_gmt":"2025-02-19T18:54:31","slug":"yamadi-golunde-10-gunde-ucuncu-yangin-50-hektar-alan-yandi-1-supheli-gozaltinda","status":"publish","type":"post","link":"https:\/\/www.egemtv.com\/?p=20694","title":{"rendered":"Yamad\u0131 G\u00f6l\u00fc\u2019nde 10 g\u00fcnde \u00fc\u00e7\u00fcnc\u00fc yang\u0131n: 50 hektar alan yand\u0131, 1 \u015f\u00fcpheli g\u00f6zalt\u0131nda"},"content":{"rendered":"<p>Burdur\u2019un G\u00f6lhisar il\u00e7esinde, b\u00f6lgenin \u00f6nemli sulak alanlar\u0131ndan biri olan Yamad\u0131 G\u00f6l\u00fc\u2019nde son 10 g\u00fcn i\u00e7inde \u00fc\u00e7\u00fcnc\u00fc kez yang\u0131n \u00e7\u0131kt\u0131. R\u00fczgar\u0131n etkisiyle b\u00fcy\u00fcyen yang\u0131na ekipler m\u00fcdahale ederken, olayla ilgili 1 \u015f\u00fcpheli g\u00f6zalt\u0131na al\u0131nd\u0131.<br \/>\n<br \/>G\u00f6lhisar il\u00e7esinde bir\u00e7ok canl\u0131ya ev sahipli\u011fi yapan Yamad\u0131 G\u00f6l\u00fc\u2019ndeki sazl\u0131k alanda saat 15.15 s\u0131ralar\u0131nda hen\u00fcz belirlenemeyen bir nedenle yang\u0131n \u00e7\u0131kt\u0131. R\u00fczgar\u0131n etkisiyle k\u0131sa s\u00fcrede b\u00fcy\u00fcyen alevler geni\u015f bir alana yay\u0131l\u0131rken, ihbar \u00fczerine b\u00f6lgeye \u00e7ok say\u0131da itfaiye, Orman \u0130\u015fletme M\u00fcd\u00fcrl\u00fc\u011f\u00fc ekipleri ve belediyeye ait su tankerleri sevk edildi. Yakla\u015f\u0131k 6 saat s\u00fcren \u00e7al\u0131\u015fmalar\u0131n ard\u0131ndan kontrol alt\u0131na al\u0131nan yang\u0131nda so\u011futma \u00e7al\u0131\u015fmalar\u0131 devam ediyor.<\/p>\n<p>Fotokapanlar b\u00f6lgeyi 7\/24 izliyor<br \/>\n<br \/>Son 10 g\u00fcn i\u00e7inde farkl\u0131 noktalarda \u00e7\u0131kan \u00fc\u00e7\u00fcnc\u00fc yang\u0131n\u0131n sebebini ara\u015ft\u0131ran jandarma ekipleri, b\u00f6lgeye fotokapanlar kurarak g\u00f6l \u00e7evresini 7\/24 izlemeye ald\u0131.<br \/>\n<br \/>Yang\u0131na G\u00f6lhisar, Tefenni, \u00c7avd\u0131r, S\u00f6\u011f\u00fct, Alt\u0131nyayla, Karamanl\u0131 ve Yusuf\u00e7a\u2019dan gelen toplam 17 itfaiye ve Orman \u0130\u015fletme \u015eefli\u011fi ekibi m\u00fcdahale etti. Yang\u0131nda \u015fimdiye kadar 50 hektar alan zarar g\u00f6rd\u00fc.<\/p>\n<p>Vali ve Kaymakam b\u00f6lgeye geldi<br \/>\n<br \/>B\u00f6lgeye gelen Burdur Valisi T\u00fclay Baydar Bilgihan ve G\u00f6lhisar Kaymakam\u0131 Emre \u00c7ift\u00e7i, yetkililerden bilgi alarak incelemelerde bulundu.<\/p>\n<p>1 \u015f\u00fcpheli g\u00f6zalt\u0131na al\u0131nd\u0131<br \/>\n<br \/>Jandarma ekipleri taraf\u0131ndan yap\u0131lan incelemelerde, fotokapan g\u00f6r\u00fcnt\u00fclerinde yang\u0131ndan \u00f6nce b\u00f6lgede g\u00f6r\u00fclen bir \u015f\u00fcpheli tespit edilerek g\u00f6zalt\u0131na al\u0131nd\u0131.<\/p>\n<p>&#8220;M\u00fcdahale \u015fans\u0131 \u00e7ok k\u0131s\u0131tl\u0131&#8221;<br \/>\n<br \/>Yang\u0131n hakk\u0131nda konu\u015fan G\u00f6lhisar Do\u011fa Koruma Derne\u011fi Ba\u015fkan\u0131 Selahattin Bulut, &#8220;Maalesef il\u00e7emizde 10 g\u00fcn i\u00e7erisinde \u00fc\u00e7\u00fcnc\u00fc defa g\u00f6ldeki sazl\u0131klar yak\u0131ld\u0131. Ekiplerin \u00e7al\u0131\u015fmalar\u0131 hala devam ediyor. B\u00f6lge g\u00f6l arazisi oldu\u011fundan m\u00fcdahale \u015fans\u0131 \u00e7ok k\u0131s\u0131tl\u0131 maalesef&#8221; dedi.<br \/><\/p>\n","protected":false},"excerpt":{"rendered":"<p>Burdur\u2019un G\u00f6lhisar il\u00e7esinde, b\u00f6lgenin \u00f6nemli sulak alanlar\u0131ndan biri olan Yamad\u0131 G\u00f6l\u00fc\u2019nde son 10 g\u00fcn i\u00e7inde \u00fc\u00e7\u00fcnc\u00fc kez yang\u0131n \u00e7\u0131kt\u0131. R\u00fczgar\u0131n etkisiyle b\u00fcy\u00fcyen yang\u0131na ekipler m\u00fcdahale ederken, olayla ilgili 1 \u015f\u00fcpheli g\u00f6zalt\u0131na al\u0131nd\u0131. G\u00f6lhisar il\u00e7esinde bir\u00e7ok canl\u0131ya ev sahipli\u011fi yapan Yamad\u0131 G\u00f6l\u00fc\u2019ndeki sazl\u0131k alanda saat 15.15 s\u0131ralar\u0131nda hen\u00fcz belirlenemeyen bir nedenle yang\u0131n \u00e7\u0131kt\u0131. R\u00fczgar\u0131n etkisiyle k\u0131sa&#8230;<\/p>\n","protected":false},"author":1,"featured_media":20696,"comment_status":"open","ping_status":"open","sticky":false,"template":"","format":"standard","meta":{"_crdt_document":"","footnotes":""},"categories":[5],"tags":[],"class_list":["post-20694","post","type-post","status-publish","format-standard","has-post-thumbnail","hentry","category-asayis"],"_links":{"self":[{"href":"https:\/\/www.egemtv.com\/index.php?rest_route=\/wp\/v2\/posts\/20694","targetHints":{"allow":["GET"]}}],"collection":[{"href":"https:\/\/www.egemtv.com\/index.php?rest_route=\/wp\/v2\/posts"}],"about":[{"href":"https:\/\/www.egemtv.com\/index.php?rest_route=\/wp\/v2\/types\/post"}],"author":[{"embeddable":true,"href":"https:\/\/www.egemtv.com\/index.php?rest_route=\/wp\/v2\/users\/1"}],"replies":[{"embeddable":true,"href":"https:\/\/www.egemtv.com\/index.php?rest_route=%2Fwp%2Fv2%2Fcomments&post=20694"}],"version-history":[{"count":1,"href":"https:\/\/www.egemtv.com\/index.php?rest_route=\/wp\/v2\/posts\/20694\/revisions"}],"predecessor-version":[{"id":20698,"href":"https:\/\/www.egemtv.com\/index.php?rest_route=\/wp\/v2\/posts\/20694\/revisions\/20698"}],"wp:featuredmedia":[{"embeddable":true,"href":"https:\/\/www.egemtv.com\/index.php?rest_route=\/wp\/v2\/media\/20696"}],"wp:attachment":[{"href":"https:\/\/www.egemtv.com\/index.php?rest_route=%2Fwp%2Fv2%2Fmedia&parent=20694"}],"wp:term":[{"taxonomy":"category","embeddable":true,"href":"https:\/\/www.egemtv.com\/index.php?rest_route=%2Fwp%2Fv2%2Fcategories&post=20694"},{"taxonomy":"post_tag","embeddable":true,"href":"https:\/\/www.egemtv.com\/index.php?rest_route=%2Fwp%2Fv2%2Ftags&post=20694"}],"curies":[{"name":"wp","href":"https:\/\/api.w.org\/{rel}","templated":true}]}}