{"id":20690,"date":"2025-02-19T21:49:33","date_gmt":"2025-02-19T18:49:33","guid":{"rendered":"https:\/\/www.egemtv.com\/?p=20690"},"modified":"2025-02-19T21:49:38","modified_gmt":"2025-02-19T18:49:38","slug":"kutahyada-buyuk-proje-icin-imzalar-atildi","status":"publish","type":"post","link":"https:\/\/www.egemtv.com\/?p=20690","title":{"rendered":"K\u00fctahya\u2019da b\u00fcy\u00fck proje i\u00e7in imzalar at\u0131ld\u0131"},"content":{"rendered":"<p>Zafer Kalk\u0131nma Ajans\u0131\u2019nda ger\u00e7ekle\u015ftirilen imza t\u00f6reniyle, &#8220;Sanal Ger\u00e7eklik ile Kaynak\u00e7\u0131l\u0131k: Ger\u00e7ek\u00e7i Deneyimler, Kal\u0131c\u0131 Beceriler&#8221; projesi resmen hayata ge\u00e7ti. K\u00fctahya Ticaret ve Sanayi Odas\u0131, Zafer Kalk\u0131nma Ajans\u0131, K\u00fctahya Organize Sanayi B\u00f6lgesi ve 30 A\u011fustos Organize Sanayi B\u00f6lgesi ortakl\u0131\u011f\u0131nda y\u00fcr\u00fct\u00fclecek olan proje, Sanayi ve Teknoloji Bakanl\u0131\u011f\u0131 taraf\u0131ndan desteklenmeye hak kazand\u0131.<br \/>\n<br \/>KUTSO Ba\u015fkan\u0131 Esin G\u00fcral Argat, projenin temel amac\u0131n\u0131n K\u00fctahya\u2019daki 18-35 ya\u015f aras\u0131 i\u015fsiz gen\u00e7lerin istihdam edilebilirli\u011fini art\u0131rmak ve kaynak\u00e7\u0131l\u0131k alan\u0131nda nitelikli ara eleman ihtiyac\u0131n\u0131 gidermek oldu\u011funu belirtti. Proje kapsam\u0131nda sanal ger\u00e7eklik destekli modern kaynak\u00e7\u0131l\u0131k e\u011fitimleri verilerek ger\u00e7ek\u00e7i fabrika ortam\u0131nda beceri kazan\u0131m\u0131 sa\u011flanaca\u011f\u0131n\u0131 vurgulayan Esin G\u00fcral Argat, ayn\u0131 zamanda projenin, kad\u0131nlar\u0131n i\u015f g\u00fcc\u00fcne kat\u0131l\u0131m oran\u0131n\u0131 art\u0131rmay\u0131 hedefledi\u011fini de s\u00f6yledi.<br \/>\n<br \/>K\u00fctahya Organize Sanayi B\u00f6lgesi Y\u00f6netim Kurulu Ba\u015fkan\u0131 Tolga Eskio\u011flu ise, K\u00fctahya Organize Sanayi B\u00f6lgesi olarak sanayiye nitelikli eleman yeti\u015ftirilmesi noktas\u0131nda her t\u00fcrl\u00fc deste\u011fi vermeye haz\u0131r olduklar\u0131n\u0131 belirtti. Tolga Eskio\u011flu yapm\u0131\u015f oldu\u011fu konu\u015fmalar\u0131nda, &#8220;K\u00fctahya OSB olarak, sanayimizin ihtiyac\u0131 olan nitelikli i\u015f g\u00fcc\u00fcn\u00fc kar\u015f\u0131lamaya y\u00f6nelik projelerde aktif rol almaya devam edece\u011fiz. Bu projeyle, sanayicimizin uzun s\u00fcredir talep etti\u011fi uzman kaynak\u00e7\u0131 yeti\u015ftirme konusunda \u00f6nemli bir ad\u0131m at\u0131yoruz. \u00dclkemize ve \u015fehrimize hay\u0131rl\u0131 olmas\u0131n\u0131 diliyorum&#8221; ifadelerine yer verdi.<br \/>\n<br \/>Bu proje, K\u00fctahya\u2019da sanayi sekt\u00f6r\u00fcn\u00fcn geli\u015fmesine ve yerel i\u015f g\u00fcc\u00fcn\u00fcn niteli\u011finin art\u0131r\u0131lmas\u0131na \u00f6nemli katk\u0131lar sunacak. Kaynak\u00e7\u0131l\u0131k alan\u0131nda mesleki e\u011fitim alan gen\u00e7ler, sanayinin ihtiya\u00e7 duydu\u011fu yetkinliklere sahip olarak istihdama daha kolay kat\u0131labilecek. Ayn\u0131 zamanda, kad\u0131n istihdam\u0131na y\u00f6nelik te\u015fvikler sayesinde i\u015f g\u00fcc\u00fcne kat\u0131l\u0131m oranlar\u0131 art\u0131r\u0131larak, b\u00f6lgesel kalk\u0131nmaya destek sa\u011flanacak.<br \/>\n<br \/>K\u00fctahya OSB\u2019nin \u00f6nc\u00fcl\u00fc\u011f\u00fcnde y\u00fcr\u00fct\u00fclen bu proje, sanayiye nitelikli i\u015f g\u00fcc\u00fc kazand\u0131rman\u0131n yan\u0131 s\u0131ra, b\u00f6lgedeki sosyal ve ekonomik kalk\u0131nmay\u0131 da h\u0131zland\u0131racak.<br \/><\/p>\n","protected":false},"excerpt":{"rendered":"<p>Zafer Kalk\u0131nma Ajans\u0131\u2019nda ger\u00e7ekle\u015ftirilen imza t\u00f6reniyle, &#8220;Sanal Ger\u00e7eklik ile Kaynak\u00e7\u0131l\u0131k: Ger\u00e7ek\u00e7i Deneyimler, Kal\u0131c\u0131 Beceriler&#8221; projesi resmen hayata ge\u00e7ti. K\u00fctahya Ticaret ve Sanayi Odas\u0131, Zafer Kalk\u0131nma Ajans\u0131, K\u00fctahya Organize Sanayi B\u00f6lgesi ve 30 A\u011fustos Organize Sanayi B\u00f6lgesi ortakl\u0131\u011f\u0131nda y\u00fcr\u00fct\u00fclecek olan proje, Sanayi ve Teknoloji Bakanl\u0131\u011f\u0131 taraf\u0131ndan desteklenmeye hak kazand\u0131. KUTSO Ba\u015fkan\u0131 Esin G\u00fcral Argat, projenin temel&#8230;<\/p>\n","protected":false},"author":1,"featured_media":20691,"comment_status":"open","ping_status":"open","sticky":false,"template":"","format":"standard","meta":{"_crdt_document":"","footnotes":""},"categories":[125],"tags":[],"class_list":["post-20690","post","type-post","status-publish","format-standard","has-post-thumbnail","hentry","category-ekonomi"],"_links":{"self":[{"href":"https:\/\/www.egemtv.com\/index.php?rest_route=\/wp\/v2\/posts\/20690","targetHints":{"allow":["GET"]}}],"collection":[{"href":"https:\/\/www.egemtv.com\/index.php?rest_route=\/wp\/v2\/posts"}],"about":[{"href":"https:\/\/www.egemtv.com\/index.php?rest_route=\/wp\/v2\/types\/post"}],"author":[{"embeddable":true,"href":"https:\/\/www.egemtv.com\/index.php?rest_route=\/wp\/v2\/users\/1"}],"replies":[{"embeddable":true,"href":"https:\/\/www.egemtv.com\/index.php?rest_route=%2Fwp%2Fv2%2Fcomments&post=20690"}],"version-history":[{"count":1,"href":"https:\/\/www.egemtv.com\/index.php?rest_route=\/wp\/v2\/posts\/20690\/revisions"}],"predecessor-version":[{"id":20692,"href":"https:\/\/www.egemtv.com\/index.php?rest_route=\/wp\/v2\/posts\/20690\/revisions\/20692"}],"wp:featuredmedia":[{"embeddable":true,"href":"https:\/\/www.egemtv.com\/index.php?rest_route=\/wp\/v2\/media\/20691"}],"wp:attachment":[{"href":"https:\/\/www.egemtv.com\/index.php?rest_route=%2Fwp%2Fv2%2Fmedia&parent=20690"}],"wp:term":[{"taxonomy":"category","embeddable":true,"href":"https:\/\/www.egemtv.com\/index.php?rest_route=%2Fwp%2Fv2%2Fcategories&post=20690"},{"taxonomy":"post_tag","embeddable":true,"href":"https:\/\/www.egemtv.com\/index.php?rest_route=%2Fwp%2Fv2%2Ftags&post=20690"}],"curies":[{"name":"wp","href":"https:\/\/api.w.org\/{rel}","templated":true}]}}