{"id":20680,"date":"2025-02-19T21:30:58","date_gmt":"2025-02-19T18:30:58","guid":{"rendered":"https:\/\/www.egemtv.com\/?p=20680"},"modified":"2025-02-19T21:31:06","modified_gmt":"2025-02-19T18:31:06","slug":"kutahyada-kar-yagisi-suruculeri-magdur-etti-kamyoncular-dagda-mahsur-kaldi","status":"publish","type":"post","link":"https:\/\/www.egemtv.com\/?p=20680","title":{"rendered":"K\u00fctahya\u2019da kar ya\u011f\u0131\u015f\u0131 s\u00fcr\u00fcc\u00fcleri ma\u011fdur etti, kamyoncular da\u011fda mahsur kald\u0131"},"content":{"rendered":"<p>K\u00fctahya\u2019n\u0131n Domani\u00e7 il\u00e7esinde, Domani\u00e7-\u0130neg\u00f6l Karayolu\u2019nun bin 500 rak\u0131ml\u0131 Kocayayla mevkisinde aniden bast\u0131ran kar ya\u011f\u0131\u015f\u0131 s\u00fcr\u00fcc\u00fclere zor anlar ya\u015fatt\u0131.<br \/>\n<br \/>\u0130l\u00e7e merkezinde kar ya\u011f\u0131\u015f\u0131n\u0131n hafif olmas\u0131 nedeniyle yola \u00e7\u0131kan s\u00fcr\u00fcc\u00fcler, da\u011f yolunda yo\u011fun kar ve tipi ile kar\u015f\u0131la\u015ft\u0131. Yetkililerin uyar\u0131lar\u0131na ra\u011fmen yaz lasti\u011fi ile yola \u00e7\u0131kan baz\u0131 s\u00fcr\u00fcc\u00fcler, trafi\u011fin aksamas\u0131na neden oldu. Kar ve tipi haberleri \u00fczerine yol, uzun ara\u00e7lar\u0131n ge\u00e7i\u015fine kapat\u0131ld\u0131. Ancak zirvede yer yer 30-40 santimetreyi bulan kar ve yo\u011fun tipi nedeniyle g\u00f6r\u00fc\u015f mesafesinin d\u00fc\u015fmesi, seyir halindeki tomruk y\u00fckl\u00fc kamyonlar\u0131n ilerlemesini g\u00fc\u00e7le\u015ftirdi.<br \/>\n<br \/>Karayollar\u0131 ekipleri, yolu a\u00e7\u0131k tutabilmek i\u00e7in aral\u0131ks\u0131z \u00e7al\u0131\u015f\u0131rken, b\u00f6lgede yer yer de\u011fi\u015fkenlik g\u00f6steren kar y\u0131\u011f\u0131nlar\u0131 s\u00fcr\u00fcc\u00fcler i\u00e7in risk olu\u015fturmaya devam ediyor. Yetkililer, zorunlu olmad\u0131k\u00e7a s\u00fcr\u00fcc\u00fclerin da\u011f yolunu kullanmamalar\u0131 konusunda uyar\u0131da bulundu.<br \/><\/p>\n","protected":false},"excerpt":{"rendered":"<p>K\u00fctahya\u2019n\u0131n Domani\u00e7 il\u00e7esinde, Domani\u00e7-\u0130neg\u00f6l Karayolu\u2019nun bin 500 rak\u0131ml\u0131 Kocayayla mevkisinde aniden bast\u0131ran kar ya\u011f\u0131\u015f\u0131 s\u00fcr\u00fcc\u00fclere zor anlar ya\u015fatt\u0131. \u0130l\u00e7e merkezinde kar ya\u011f\u0131\u015f\u0131n\u0131n hafif olmas\u0131 nedeniyle yola \u00e7\u0131kan s\u00fcr\u00fcc\u00fcler, da\u011f yolunda yo\u011fun kar ve tipi ile kar\u015f\u0131la\u015ft\u0131. Yetkililerin uyar\u0131lar\u0131na ra\u011fmen yaz lasti\u011fi ile yola \u00e7\u0131kan baz\u0131 s\u00fcr\u00fcc\u00fcler, trafi\u011fin aksamas\u0131na neden oldu. Kar ve tipi haberleri \u00fczerine&#8230;<\/p>\n","protected":false},"author":1,"featured_media":20681,"comment_status":"open","ping_status":"open","sticky":false,"template":"","format":"standard","meta":{"_crdt_document":"","footnotes":""},"categories":[5],"tags":[],"class_list":["post-20680","post","type-post","status-publish","format-standard","has-post-thumbnail","hentry","category-asayis"],"_links":{"self":[{"href":"https:\/\/www.egemtv.com\/index.php?rest_route=\/wp\/v2\/posts\/20680","targetHints":{"allow":["GET"]}}],"collection":[{"href":"https:\/\/www.egemtv.com\/index.php?rest_route=\/wp\/v2\/posts"}],"about":[{"href":"https:\/\/www.egemtv.com\/index.php?rest_route=\/wp\/v2\/types\/post"}],"author":[{"embeddable":true,"href":"https:\/\/www.egemtv.com\/index.php?rest_route=\/wp\/v2\/users\/1"}],"replies":[{"embeddable":true,"href":"https:\/\/www.egemtv.com\/index.php?rest_route=%2Fwp%2Fv2%2Fcomments&post=20680"}],"version-history":[{"count":1,"href":"https:\/\/www.egemtv.com\/index.php?rest_route=\/wp\/v2\/posts\/20680\/revisions"}],"predecessor-version":[{"id":20685,"href":"https:\/\/www.egemtv.com\/index.php?rest_route=\/wp\/v2\/posts\/20680\/revisions\/20685"}],"wp:featuredmedia":[{"embeddable":true,"href":"https:\/\/www.egemtv.com\/index.php?rest_route=\/wp\/v2\/media\/20681"}],"wp:attachment":[{"href":"https:\/\/www.egemtv.com\/index.php?rest_route=%2Fwp%2Fv2%2Fmedia&parent=20680"}],"wp:term":[{"taxonomy":"category","embeddable":true,"href":"https:\/\/www.egemtv.com\/index.php?rest_route=%2Fwp%2Fv2%2Fcategories&post=20680"},{"taxonomy":"post_tag","embeddable":true,"href":"https:\/\/www.egemtv.com\/index.php?rest_route=%2Fwp%2Fv2%2Ftags&post=20680"}],"curies":[{"name":"wp","href":"https:\/\/api.w.org\/{rel}","templated":true}]}}